{"id":1103,"date":"2019-08-09T07:38:45","date_gmt":"2019-08-09T10:38:45","guid":{"rendered":"https:\/\/romulofelippe.com\/?p=1103"},"modified":"2019-08-09T07:38:45","modified_gmt":"2019-08-09T10:38:45","slug":"fui-arrebatada-pela-leitura-do-farol-diz-blogueira-paulista","status":"publish","type":"post","link":"https:\/\/romulofelippe.com\/?p=1103","title":{"rendered":"\u201cFui arrebatada pela leitura do Farol\u201d, diz blogueira paulista"},"content":{"rendered":"<p><strong>\u201cEste \u00e9 um romance especial, que fala de duas pessoas com traumas, que acabam se encontrando e se completando de formas \u00fanicas\u201d<\/strong><strong><br \/>\n<\/strong><\/p>\n<p><strong>Blog @meu_romeo<\/strong><\/p>\n<p><strong>By Dani<\/strong><\/p>\n<p><strong>S\u00e3o Paulo<\/strong><\/p>\n<p>Ol\u00e1 leitores, hoje trago a resenha do livro O FAROL E A TEMPESTADE, que eu recebi em parceria com a editora novo conceito.<\/p>\n<p>Depois de um grande momento tr\u00e1gico, Samuel Jones apesar de ser um escritor super famoso, decidiu viver em total isolamento.<\/p>\n<p>E por isso, ele acaba se mudando para uma pequena ilha, isolada de tudo e de todos.<\/p>\n<p>Quando um acidente a\u00e9reo acontece perto de onde ele mora, e somente uma mulher sobrevive, ele n\u00e3o sabe o que isso pode mudar na sua vida.<\/p>\n<p>Anne Crawford \u00e9 a \u00fanica sobrevivente.<\/p>\n<p>E n\u00e3o bastasse sobreviver a isso, ela guarda marcas e lembran\u00e7as do seu passado, e que jamais ser\u00e1 capaz de esquecer.<\/p>\n<p>Ser\u00e1 que ambos conseguir\u00e3o superar seus problemas, e ajudar um ao outro?<br \/>\n\u2800\u2800\u2800\u2800<br \/>\n\ud83c\udf37Sempre que eu come\u00e7o um livro, e eu sinto que os personagens precisam de algu\u00e9m para se completarem e se ajudarem, eu j\u00e1 crio uma empatia imediata.<\/p>\n<p>Este \u00e9 um romance especial, que fala de duas pessoas com traumas, que acabam se encontrando e se completando de formas \u00fanicas.<\/p>\n<p>Os personagens erram e acertam, e isso \u00e9 que faz deles pessoas t\u00e3o reais.<\/p>\n<p>Eu adorei a forma como o autor foi mostrando isso aos poucos e nos foi mostrando as marcas, o poder da f\u00e9, e que recome\u00e7os s\u00e3o importantes.<\/p>\n<p>Este livro foi uma grata surpresa. Confesso que fiquei com medo antes de come\u00e7ar a leitura, mas que fui arrebatada por ela e pelo seu tema ser profundo.<\/p>\n<p>Al\u00e9m disso a edi\u00e7\u00e3o est\u00e1 linda. A capa est\u00e1 totalmente de acordo com a obra, tamb\u00e9m tem algumas aquarelas, e em todo in\u00edcio de cap\u00edtulo tem uma frase sobre f\u00e9.<\/p>\n<p>Recomendo para todos os amantes de livros profundos e que v\u00e3o encontrar com ele o poder do amor e da supera\u00e7\u00e3o.<\/p>\n<p>&nbsp;<\/p>\n","protected":false},"excerpt":{"rendered":"<p>\u201cEste \u00e9 um romance especial, que fala de duas pessoas com traumas, que acabam se encontrando e se completando de formas \u00fanicas\u201d Blog @meu_romeo By Dani S\u00e3o Paulo Ol\u00e1 leitores, hoje trago a resenha do livro O FAROL E A TEMPESTADE, que eu recebi em parceria com a editora novo conceito. Depois de um grande [&hellip;]<\/p>\n","protected":false},"author":1,"featured_media":1104,"comment_status":"open","ping_status":"open","sticky":false,"template":"","format":"standard","meta":{"_uag_custom_page_level_css":"","footnotes":""},"categories":[3],"tags":[],"class_list":["post-1103","post","type-post","status-publish","format-standard","has-post-thumbnail","hentry","category-literatura"],"uagb_featured_image_src":{"full":["https:\/\/romulofelippe.com\/wp-content\/uploads\/2019\/08\/meu-romeo.jpg",828,825,false],"thumbnail":["https:\/\/romulofelippe.com\/wp-content\/uploads\/2019\/08\/meu-romeo-150x150.jpg",150,150,true],"medium":["https:\/\/romulofelippe.com\/wp-content\/uploads\/2019\/08\/meu-romeo-300x300.jpg",300,300,true],"medium_large":["https:\/\/romulofelippe.com\/wp-content\/uploads\/2019\/08\/meu-romeo-768x765.jpg",740,737,true],"large":["https:\/\/romulofelippe.com\/wp-content\/uploads\/2019\/08\/meu-romeo.jpg",740,737,false],"1536x1536":["https:\/\/romulofelippe.com\/wp-content\/uploads\/2019\/08\/meu-romeo.jpg",828,825,false],"2048x2048":["https:\/\/romulofelippe.com\/wp-content\/uploads\/2019\/08\/meu-romeo.jpg",828,825,false],"post-thumbnail":["https:\/\/romulofelippe.com\/wp-content\/uploads\/2019\/08\/meu-romeo-828x600.jpg",828,600,true],"mvp-post-thumb":["https:\/\/romulofelippe.com\/wp-content\/uploads\/2019\/08\/meu-romeo-828x600.jpg",828,600,true],"mvp-port-thumb":["https:\/\/romulofelippe.com\/wp-content\/uploads\/2019\/08\/meu-romeo-560x600.jpg",560,600,true],"mvp-large-thumb":["https:\/\/romulofelippe.com\/wp-content\/uploads\/2019\/08\/meu-romeo-590x354.jpg",590,354,true],"mvp-mid-thumb":["https:\/\/romulofelippe.com\/wp-content\/uploads\/2019\/08\/meu-romeo-400x240.jpg",400,240,true],"mvp-small-thumb":["https:\/\/romulofelippe.com\/wp-content\/uploads\/2019\/08\/meu-romeo-80x80.jpg",80,80,true],"mailpoet_newsletter_max":["https:\/\/romulofelippe.com\/wp-content\/uploads\/2019\/08\/meu-romeo.jpg",828,825,false],"woocommerce_thumbnail":["https:\/\/romulofelippe.com\/wp-content\/uploads\/2019\/08\/meu-romeo.jpg",300,300,false],"woocommerce_single":["https:\/\/romulofelippe.com\/wp-content\/uploads\/2019\/08\/meu-romeo.jpg",600,598,false],"woocommerce_gallery_thumbnail":["https:\/\/romulofelippe.com\/wp-content\/uploads\/2019\/08\/meu-romeo.jpg",100,100,false]},"uagb_author_info":{"display_name":"Assessoria de Imprensa","author_link":"https:\/\/romulofelippe.com\/?author=1"},"uagb_comment_info":4,"uagb_excerpt":"\u201cEste \u00e9 um romance especial, que fala de duas pessoas com traumas, que acabam se encontrando e se completando de formas \u00fanicas\u201d Blog @meu_romeo By Dani S\u00e3o Paulo Ol\u00e1 leitores, hoje trago a resenha do livro O FAROL E A TEMPESTADE, que eu recebi em parceria com a editora novo conceito. Depois de um grande&hellip;","amp_enabled":true,"_links":{"self":[{"href":"https:\/\/romulofelippe.com\/index.php?rest_route=\/wp\/v2\/posts\/1103","targetHints":{"allow":["GET"]}}],"collection":[{"href":"https:\/\/romulofelippe.com\/index.php?rest_route=\/wp\/v2\/posts"}],"about":[{"href":"https:\/\/romulofelippe.com\/index.php?rest_route=\/wp\/v2\/types\/post"}],"author":[{"embeddable":true,"href":"https:\/\/romulofelippe.com\/index.php?rest_route=\/wp\/v2\/users\/1"}],"replies":[{"embeddable":true,"href":"https:\/\/romulofelippe.com\/index.php?rest_route=%2Fwp%2Fv2%2Fcomments&post=1103"}],"version-history":[{"count":1,"href":"https:\/\/romulofelippe.com\/index.php?rest_route=\/wp\/v2\/posts\/1103\/revisions"}],"predecessor-version":[{"id":1105,"href":"https:\/\/romulofelippe.com\/index.php?rest_route=\/wp\/v2\/posts\/1103\/revisions\/1105"}],"wp:featuredmedia":[{"embeddable":true,"href":"https:\/\/romulofelippe.com\/index.php?rest_route=\/wp\/v2\/media\/1104"}],"wp:attachment":[{"href":"https:\/\/romulofelippe.com\/index.php?rest_route=%2Fwp%2Fv2%2Fmedia&parent=1103"}],"wp:term":[{"taxonomy":"category","embeddable":true,"href":"https:\/\/romulofelippe.com\/index.php?rest_route=%2Fwp%2Fv2%2Fcategories&post=1103"},{"taxonomy":"post_tag","embeddable":true,"href":"https:\/\/romulofelippe.com\/index.php?rest_route=%2Fwp%2Fv2%2Ftags&post=1103"}],"curies":[{"name":"wp","href":"https:\/\/api.w.org\/{rel}","templated":true}]}}