{"id":1136,"date":"2019-09-21T06:28:28","date_gmt":"2019-09-21T09:28:28","guid":{"rendered":"https:\/\/romulofelippe.com\/?p=1136"},"modified":"2019-09-21T06:28:28","modified_gmt":"2019-09-21T09:28:28","slug":"corte-dos-livros-conhecer-a-ilha-de-farethon-pela-visao-de-anne-foi-incrivel","status":"publish","type":"post","link":"https:\/\/romulofelippe.com\/?p=1136","title":{"rendered":"Corte dos Livros: \u201cConhecer a ilha de Farethon pela vis\u00e3o de Anne foi incr\u00edvel\u201d"},"content":{"rendered":"<p><strong>Aqui o destino trabalhou ao m\u00e1ximo para conceber segundas chances aos nossos personagens, sem passados, um futuro imposs\u00edvel, os obrigando a tirar o melhor do presente.<\/strong><\/p>\n<p><strong><br \/>\n<\/strong>@cortedoslivros<\/p>\n<p>Governador Valadares \/ MG<\/p>\n<p>\u2800<br \/>\nO FAROL E A TEMPESTADE<br \/>\nAutor: Romulo Felippe<br \/>\nEditora: (<a href=\"https:\/\/www.instagram.com\/novo_conceito\/\">@novo_conceito<\/a>)<br \/>\n\u2800<br \/>\nAqui vamos ter um livro narrado em terceira pessoa, vamos conhecer Sam, um personagem que j\u00e1 perdeu toda a sua esperan\u00e7a, e se conformou com a vida, e a dor dela.\u2800<br \/>\nMesmo que a princ\u00edpio o leitor ainda n\u00e3o saiba os motivos de tanta desesperan\u00e7a, nos vemos apegados a Sam e seu gato Charles (eu amo gatos! \u2764\ufe0f\ud83d\ude3b).<br \/>\nQuando nos damos conta, estamos torcendo pra que haja uma esperan\u00e7a no meio de tanta dor, e que essa fat\u00eddica noite tenha um final feliz.\u2800<br \/>\nNo meio dessas mazelas vamos conhecer Anne, que vai ser uma luz no fim do t\u00fanel para Sam, enquanto o avi\u00e3o em que viaja rasga o c\u00e9u como uma bola de fogo no meio de uma tempestade.<br \/>\nSam abre m\u00e3o de todas suas mazelas para socorrer os feridos daquele acidente. Anne est\u00e1 entre os sobreviventes, e Sam faz de tudo para que ela se recupere, e isso se torna sua miss\u00e3o.<br \/>\nAgora Sam e Charles n\u00e3o est\u00e3o mais sozinhos na ilha, eles tem em Anne uma nova companheira.<br \/>\nAqui o destino trabalhou ao m\u00e1ximo para conceber segundas chances aos nossos personagens, sem passados, um futuro imposs\u00edvel, os obrigando a tirar o melhor do presente.<br \/>\nConhecer a ilha de Farethon pela vis\u00e3o de Anne foi incr\u00edvel, e ver como a hist\u00f3ria se desenvolve conforme ela recupera a mem\u00f3ria \u00e9 instigante, at\u00e9 come\u00e7amos a ter os mesmos temores de Sam&#8230; ser\u00e1 que Anne partir\u00e1? Ser\u00e1 que Sam voltar\u00e1 a estar sozinho na ilha?<br \/>\nSer\u00e1 que o amor cura tudo? Ser\u00e1 que somos capazes de mudar o destino? O que eu descobri \u00e9 que uma tempestade pode \u00e0s vezes trazer mais que uma trag\u00e9dia, pode trazer o amor.<\/p>\n<p>&nbsp;<\/p>\n","protected":false},"excerpt":{"rendered":"<p>Aqui o destino trabalhou ao m\u00e1ximo para conceber segundas chances aos nossos personagens, sem passados, um futuro imposs\u00edvel, os obrigando a tirar o melhor do presente. @cortedoslivros Governador Valadares \/ MG \u2800 O FAROL E A TEMPESTADE Autor: Romulo Felippe Editora: (@novo_conceito) \u2800 Aqui vamos ter um livro narrado em terceira pessoa, vamos conhecer Sam, [&hellip;]<\/p>\n","protected":false},"author":1,"featured_media":1137,"comment_status":"open","ping_status":"open","sticky":false,"template":"","format":"standard","meta":{"_uag_custom_page_level_css":"","footnotes":""},"categories":[5],"tags":[],"class_list":["post-1136","post","type-post","status-publish","format-standard","has-post-thumbnail","hentry","category-resenhas"],"uagb_featured_image_src":{"full":["https:\/\/romulofelippe.com\/wp-content\/uploads\/2019\/09\/corte-dos-livros.jpg",828,826,false],"thumbnail":["https:\/\/romulofelippe.com\/wp-content\/uploads\/2019\/09\/corte-dos-livros-150x150.jpg",150,150,true],"medium":["https:\/\/romulofelippe.com\/wp-content\/uploads\/2019\/09\/corte-dos-livros-300x300.jpg",300,300,true],"medium_large":["https:\/\/romulofelippe.com\/wp-content\/uploads\/2019\/09\/corte-dos-livros-768x766.jpg",740,738,true],"large":["https:\/\/romulofelippe.com\/wp-content\/uploads\/2019\/09\/corte-dos-livros.jpg",740,738,false],"1536x1536":["https:\/\/romulofelippe.com\/wp-content\/uploads\/2019\/09\/corte-dos-livros.jpg",828,826,false],"2048x2048":["https:\/\/romulofelippe.com\/wp-content\/uploads\/2019\/09\/corte-dos-livros.jpg",828,826,false],"post-thumbnail":["https:\/\/romulofelippe.com\/wp-content\/uploads\/2019\/09\/corte-dos-livros-828x600.jpg",828,600,true],"mvp-post-thumb":["https:\/\/romulofelippe.com\/wp-content\/uploads\/2019\/09\/corte-dos-livros-828x600.jpg",828,600,true],"mvp-port-thumb":["https:\/\/romulofelippe.com\/wp-content\/uploads\/2019\/09\/corte-dos-livros-560x600.jpg",560,600,true],"mvp-large-thumb":["https:\/\/romulofelippe.com\/wp-content\/uploads\/2019\/09\/corte-dos-livros-590x354.jpg",590,354,true],"mvp-mid-thumb":["https:\/\/romulofelippe.com\/wp-content\/uploads\/2019\/09\/corte-dos-livros-400x240.jpg",400,240,true],"mvp-small-thumb":["https:\/\/romulofelippe.com\/wp-content\/uploads\/2019\/09\/corte-dos-livros-80x80.jpg",80,80,true],"mailpoet_newsletter_max":["https:\/\/romulofelippe.com\/wp-content\/uploads\/2019\/09\/corte-dos-livros.jpg",828,826,false],"woocommerce_thumbnail":["https:\/\/romulofelippe.com\/wp-content\/uploads\/2019\/09\/corte-dos-livros.jpg",300,300,false],"woocommerce_single":["https:\/\/romulofelippe.com\/wp-content\/uploads\/2019\/09\/corte-dos-livros.jpg",600,599,false],"woocommerce_gallery_thumbnail":["https:\/\/romulofelippe.com\/wp-content\/uploads\/2019\/09\/corte-dos-livros.jpg",100,100,false]},"uagb_author_info":{"display_name":"Assessoria de Imprensa","author_link":"https:\/\/romulofelippe.com\/?author=1"},"uagb_comment_info":6,"uagb_excerpt":"Aqui o destino trabalhou ao m\u00e1ximo para conceber segundas chances aos nossos personagens, sem passados, um futuro imposs\u00edvel, os obrigando a tirar o melhor do presente. @cortedoslivros Governador Valadares \/ MG \u2800 O FAROL E A TEMPESTADE Autor: Romulo Felippe Editora: (@novo_conceito) \u2800 Aqui vamos ter um livro narrado em terceira pessoa, vamos conhecer Sam,&hellip;","amp_enabled":true,"_links":{"self":[{"href":"https:\/\/romulofelippe.com\/index.php?rest_route=\/wp\/v2\/posts\/1136","targetHints":{"allow":["GET"]}}],"collection":[{"href":"https:\/\/romulofelippe.com\/index.php?rest_route=\/wp\/v2\/posts"}],"about":[{"href":"https:\/\/romulofelippe.com\/index.php?rest_route=\/wp\/v2\/types\/post"}],"author":[{"embeddable":true,"href":"https:\/\/romulofelippe.com\/index.php?rest_route=\/wp\/v2\/users\/1"}],"replies":[{"embeddable":true,"href":"https:\/\/romulofelippe.com\/index.php?rest_route=%2Fwp%2Fv2%2Fcomments&post=1136"}],"version-history":[{"count":1,"href":"https:\/\/romulofelippe.com\/index.php?rest_route=\/wp\/v2\/posts\/1136\/revisions"}],"predecessor-version":[{"id":1138,"href":"https:\/\/romulofelippe.com\/index.php?rest_route=\/wp\/v2\/posts\/1136\/revisions\/1138"}],"wp:featuredmedia":[{"embeddable":true,"href":"https:\/\/romulofelippe.com\/index.php?rest_route=\/wp\/v2\/media\/1137"}],"wp:attachment":[{"href":"https:\/\/romulofelippe.com\/index.php?rest_route=%2Fwp%2Fv2%2Fmedia&parent=1136"}],"wp:term":[{"taxonomy":"category","embeddable":true,"href":"https:\/\/romulofelippe.com\/index.php?rest_route=%2Fwp%2Fv2%2Fcategories&post=1136"},{"taxonomy":"post_tag","embeddable":true,"href":"https:\/\/romulofelippe.com\/index.php?rest_route=%2Fwp%2Fv2%2Ftags&post=1136"}],"curies":[{"name":"wp","href":"https:\/\/api.w.org\/{rel}","templated":true}]}}