{"id":1201,"date":"2019-10-29T17:29:00","date_gmt":"2019-10-29T20:29:00","guid":{"rendered":"https:\/\/romulofelippe.com\/?p=1201"},"modified":"2019-10-29T17:34:56","modified_gmt":"2019-10-29T20:34:56","slug":"preparem-os-lencinhos-e-o-coracao-para-essa-historia-emocionante","status":"publish","type":"post","link":"https:\/\/romulofelippe.com\/?p=1201","title":{"rendered":"\u201cPreparem os lencinhos e o cora\u00e7\u00e3o para essa hist\u00f3ria linda e emocionante&#8230;\u201d"},"content":{"rendered":"<h3><strong>Segundo a resenhista @livrosbyanna, o Farol<\/strong> <strong>\u00e9<\/strong> <strong>\u201cuma hist\u00f3ria repleta de trag\u00e9dias e supera\u00e7\u00e3o. For\u00e7a e ressignifica\u00e7\u00e3o&#8221;<\/strong><\/h3>\n<p><strong>@livrosbyanna<\/strong><\/p>\n<p><strong>\ud83c\udf0a O FAROL E A TEMPESTADE <\/strong><strong>\ud83c\udf0a ( Romulo Felippe ) <\/strong><strong>\u2800\u2800\u2800\u2800\u2800\u2800\u2800\u2800\u2800<\/strong><\/p>\n<p><strong>Novo Conceito | 2019 | 304 p\u00e1g <\/strong><strong>\u2800\u2800\u2800\u2800\u2800\u2800\u2800\u2800\u2800<\/strong><\/p>\n<p><em><strong>&#8220;O cora\u00e7\u00e3o do homem \u00e9 uma ilha <\/strong><\/em><em><strong>ins\u00f3lita e remota, <\/strong><\/em><em><strong>uma fagulha de tudo <\/strong><\/em><\/p>\n<p><em><strong>aquilo que poderia ter sido e n\u00e3o foi&#8221; P\u00e1g 168<\/strong><\/em><\/p>\n<p>Samuel Jones \u00e9 um escritor que\u00a0 est\u00e1 pronto para desistir de tudo, mas antes de partir ele pede um sinal. E para seu espanto, suas preces s\u00e3o atendidas, em forma de trag\u00e9dia. \u2800\u2800\u2800\u2800\u2800\u2800\u2800\u2800\u2800<\/p>\n<p>Anne Crawford e seu assistente Robert sobrevoam a Ilha Farethon quando uma turbul\u00eancia os assusta, e logo em seguida o choque da aeronave com as \u00e1guas caribenhas. \u2800\u2800\u2800\u2800\u2800\u2800\u2800\u2800\u2800<\/p>\n<p>Sam imediatamente parte da dire\u00e7\u00e3o da queda e consegue localizar uma sobrevivente. Agora Sam, que antes n\u00e3o tinha um prop\u00f3sito, luta para salvar uma vida. Al\u00e9m da pr\u00f3pria. \u2800\u2800\u2800\u2800\u2800\u2800\u2800\u2800\u2800<\/p>\n<p>Convivendo com essa mulher misteriosa, Sam volta a ter esperan\u00e7a, sonhos e at\u00e9 mesmo inspira\u00e7\u00e3o em sua escrita. \u2800\u2800\u2800\u2800\u2800\u2800\u2800\u2800\u2800<\/p>\n<p>Enquanto Anne est\u00e1 impossibilitada de contato com o mundo exterior, David, seu pai,\u00a0 faz buscas incessantes, pois ainda tem esperan\u00e7a de que ela esteja viva. \u2800\u2800\u2800\u2800\u2800<\/p>\n<p>Com a mem\u00f3ria fragmentada, Anne se v\u00ea perturbada com lembran\u00e7as da queda do monomotor e as fotografias e v\u00eddeos em seu celular.<\/p>\n<p>Mas a mem\u00f3ria que permanece intacta \u00e9 sobre sua filha Amanda, a \u00fanica raz\u00e3o para a qual ela deseja retornar para a sua vida. Uma hist\u00f3ria repleta de trag\u00e9dias e supera\u00e7\u00e3o. For\u00e7a e ressignifica\u00e7\u00e3o.<\/p>\n<p>Cicatrizes profundas, superadas pelo milagre do amor.<\/p>\n<p>Duas almas quebradas que se encontraram em circunst\u00e2ncias inesperadas e agora juntas buscam uma reden\u00e7\u00e3o. \u2800\u2800\u2800\u2800\u2800\u2800\u2800\u2800\u2800<\/p>\n<p>Preparem os lencinhos e o cora\u00e7\u00e3o para essa hist\u00f3ria linda e emocionante.<\/p>\n<p>O que voc\u00ea faria se a vida lhe desse uma segunda chance?<\/p>\n<p><em><strong><img fetchpriority=\"high\" decoding=\"async\" class=\"alignnone size-medium wp-image-1203\" src=\"https:\/\/romulofelippe.com\/wp-content\/uploads\/2019\/10\/anna-300x288.jpg\" alt=\"\" width=\"300\" height=\"288\" srcset=\"https:\/\/romulofelippe.com\/wp-content\/uploads\/2019\/10\/anna-300x288.jpg 300w, https:\/\/romulofelippe.com\/wp-content\/uploads\/2019\/10\/anna-768x738.jpg 768w, https:\/\/romulofelippe.com\/wp-content\/uploads\/2019\/10\/anna.jpg 828w\" sizes=\"(max-width: 300px) 100vw, 300px\" \/><br \/>\n&#8220;Todos n\u00f3s temos cicatrizes, seja no corpo ou mesmo na alma. <\/strong><\/em><\/p>\n<p><em><strong>Algumas vis\u00edveis e outras escondidas bem no fundo do cora\u00e7\u00e3o&#8221; P\u00e1g 117<\/strong><\/em><\/p>\n","protected":false},"excerpt":{"rendered":"<p>Segundo a resenhista @livrosbyanna, o Farol \u00e9 \u201cuma hist\u00f3ria repleta de trag\u00e9dias e supera\u00e7\u00e3o. For\u00e7a e ressignifica\u00e7\u00e3o&#8221; @livrosbyanna \ud83c\udf0a O FAROL E A TEMPESTADE \ud83c\udf0a ( Romulo Felippe ) \u2800\u2800\u2800\u2800\u2800\u2800\u2800\u2800\u2800 Novo Conceito | 2019 | 304 p\u00e1g \u2800\u2800\u2800\u2800\u2800\u2800\u2800\u2800\u2800 &#8220;O cora\u00e7\u00e3o do homem \u00e9 uma ilha ins\u00f3lita e remota, uma fagulha de tudo aquilo que poderia [&hellip;]<\/p>\n","protected":false},"author":1,"featured_media":1204,"comment_status":"open","ping_status":"open","sticky":false,"template":"","format":"standard","meta":{"_uag_custom_page_level_css":"","footnotes":""},"categories":[7],"tags":[],"class_list":["post-1201","post","type-post","status-publish","format-standard","has-post-thumbnail","hentry","category-cotidiano"],"uagb_featured_image_src":{"full":["https:\/\/romulofelippe.com\/wp-content\/uploads\/2019\/10\/anna-1.jpg",828,822,false],"thumbnail":["https:\/\/romulofelippe.com\/wp-content\/uploads\/2019\/10\/anna-1-150x150.jpg",150,150,true],"medium":["https:\/\/romulofelippe.com\/wp-content\/uploads\/2019\/10\/anna-1-300x298.jpg",300,298,true],"medium_large":["https:\/\/romulofelippe.com\/wp-content\/uploads\/2019\/10\/anna-1-768x762.jpg",740,734,true],"large":["https:\/\/romulofelippe.com\/wp-content\/uploads\/2019\/10\/anna-1.jpg",740,735,false],"1536x1536":["https:\/\/romulofelippe.com\/wp-content\/uploads\/2019\/10\/anna-1.jpg",828,822,false],"2048x2048":["https:\/\/romulofelippe.com\/wp-content\/uploads\/2019\/10\/anna-1.jpg",828,822,false],"post-thumbnail":["https:\/\/romulofelippe.com\/wp-content\/uploads\/2019\/10\/anna-1-828x600.jpg",828,600,true],"mvp-post-thumb":["https:\/\/romulofelippe.com\/wp-content\/uploads\/2019\/10\/anna-1-828x600.jpg",828,600,true],"mvp-port-thumb":["https:\/\/romulofelippe.com\/wp-content\/uploads\/2019\/10\/anna-1-560x600.jpg",560,600,true],"mvp-large-thumb":["https:\/\/romulofelippe.com\/wp-content\/uploads\/2019\/10\/anna-1-590x354.jpg",590,354,true],"mvp-mid-thumb":["https:\/\/romulofelippe.com\/wp-content\/uploads\/2019\/10\/anna-1-400x240.jpg",400,240,true],"mvp-small-thumb":["https:\/\/romulofelippe.com\/wp-content\/uploads\/2019\/10\/anna-1-80x80.jpg",80,80,true],"mailpoet_newsletter_max":["https:\/\/romulofelippe.com\/wp-content\/uploads\/2019\/10\/anna-1.jpg",828,822,false],"woocommerce_thumbnail":["https:\/\/romulofelippe.com\/wp-content\/uploads\/2019\/10\/anna-1-300x300.jpg",300,300,true],"woocommerce_single":["https:\/\/romulofelippe.com\/wp-content\/uploads\/2019\/10\/anna-1.jpg",600,596,false],"woocommerce_gallery_thumbnail":["https:\/\/romulofelippe.com\/wp-content\/uploads\/2019\/10\/anna-1.jpg",100,100,false]},"uagb_author_info":{"display_name":"Assessoria de Imprensa","author_link":"https:\/\/romulofelippe.com\/?author=1"},"uagb_comment_info":4,"uagb_excerpt":"Segundo a resenhista @livrosbyanna, o Farol \u00e9 \u201cuma hist\u00f3ria repleta de trag\u00e9dias e supera\u00e7\u00e3o. For\u00e7a e ressignifica\u00e7\u00e3o&#8221; @livrosbyanna \ud83c\udf0a O FAROL E A TEMPESTADE \ud83c\udf0a ( Romulo Felippe ) \u2800\u2800\u2800\u2800\u2800\u2800\u2800\u2800\u2800 Novo Conceito | 2019 | 304 p\u00e1g \u2800\u2800\u2800\u2800\u2800\u2800\u2800\u2800\u2800 &#8220;O cora\u00e7\u00e3o do homem \u00e9 uma ilha ins\u00f3lita e remota, uma fagulha de tudo aquilo que poderia&hellip;","amp_enabled":true,"_links":{"self":[{"href":"https:\/\/romulofelippe.com\/index.php?rest_route=\/wp\/v2\/posts\/1201","targetHints":{"allow":["GET"]}}],"collection":[{"href":"https:\/\/romulofelippe.com\/index.php?rest_route=\/wp\/v2\/posts"}],"about":[{"href":"https:\/\/romulofelippe.com\/index.php?rest_route=\/wp\/v2\/types\/post"}],"author":[{"embeddable":true,"href":"https:\/\/romulofelippe.com\/index.php?rest_route=\/wp\/v2\/users\/1"}],"replies":[{"embeddable":true,"href":"https:\/\/romulofelippe.com\/index.php?rest_route=%2Fwp%2Fv2%2Fcomments&post=1201"}],"version-history":[{"count":5,"href":"https:\/\/romulofelippe.com\/index.php?rest_route=\/wp\/v2\/posts\/1201\/revisions"}],"predecessor-version":[{"id":1209,"href":"https:\/\/romulofelippe.com\/index.php?rest_route=\/wp\/v2\/posts\/1201\/revisions\/1209"}],"wp:featuredmedia":[{"embeddable":true,"href":"https:\/\/romulofelippe.com\/index.php?rest_route=\/wp\/v2\/media\/1204"}],"wp:attachment":[{"href":"https:\/\/romulofelippe.com\/index.php?rest_route=%2Fwp%2Fv2%2Fmedia&parent=1201"}],"wp:term":[{"taxonomy":"category","embeddable":true,"href":"https:\/\/romulofelippe.com\/index.php?rest_route=%2Fwp%2Fv2%2Fcategories&post=1201"},{"taxonomy":"post_tag","embeddable":true,"href":"https:\/\/romulofelippe.com\/index.php?rest_route=%2Fwp%2Fv2%2Ftags&post=1201"}],"curies":[{"name":"wp","href":"https:\/\/api.w.org\/{rel}","templated":true}]}}