{"id":1235,"date":"2019-12-26T10:45:11","date_gmt":"2019-12-26T12:45:11","guid":{"rendered":"https:\/\/romulofelippe.com\/?p=1235"},"modified":"2019-12-26T10:45:11","modified_gmt":"2019-12-26T12:45:11","slug":"escritor-de-renome-mundial-e-entrevistado-no-redacao-96","status":"publish","type":"post","link":"https:\/\/romulofelippe.com\/?p=1235","title":{"rendered":"Escritor de renome mundial \u00e9 entrevistado no \u201cReda\u00e7\u00e3o 96\u201d"},"content":{"rendered":"<h2>Reportagem assinada pelo jornalista Felipe Bezerra mostra o debate \u00e9pico com os jornalistas Mauro Roger, Tiago Rocha e Ilauro Oliveira na terra natal de Romulo Felippe em programa da r\u00e1dio Cachoeiro FM 96,<\/h2>\n<p>por Felipe Bezerra<\/p>\n<p>hojees.com<\/p>\n<p>cachoeirofm.com.br<\/p>\n<p>Quem estava conectado \u00e0 r\u00e1dio Cachoeiro FM 96,3, nesta ter\u00e7a-feira (24), e ouviu o \u201cReda\u00e7\u00e3o 96\u201d, que vai ao ar de segunda a sexta, das 11h \u00e0s 12h30, p\u00f4de acompanhar um bate-papo descontra\u00eddo entre o jornalista e escritor cachoeirense Romulo Felippe, entrevistado desta edi\u00e7\u00e3o do programa, e o apresentador Mauro Roger.<\/p>\n<p>Mercado liter\u00e1rio brasileiro, e-books (livros eletr\u00f4nicos), os caminhos do escritor no Brasil e, at\u00e9 mesmo, o futuro da m\u00eddia impressa estiveram entre as pautas da conversa ao vivo, que contou, tamb\u00e9m, com a participa\u00e7\u00e3o dos jornalistas Ilauro Oliveira e Tiago Rocha.<\/p>\n<p>\u201cO Farol e a Tempestade\u201d, \u201cMonge Guerreiro\u201d e \u201cReino dos Morcegos\u201d \u2013 uma homenagem a seu filho ca\u00e7ula, Jean Lucas, de 12 anos \u2013 s\u00e3o as obras j\u00e1 lan\u00e7adas por Felippe (de renome internacional, atualmente), que prepara seu pr\u00f3ximo livro, \u201cQuando Entrevistei Jesus\u201d. Romulo, que come\u00e7ou no jornalismo em Cachoeiro, aos 13 anos, pelas m\u00e3os do jornalista, advogado e professor Jos\u00e9 Paineiras, tamb\u00e9m \u00e9 diretor das revistas \u201cViver!\u201d e \u201cCaminh\u00f5es\u201d.<\/p>\n<p>&nbsp;<\/p>\n<p>Confira a entrevista completa:<\/p>\n<div id=\"fb-root\"><\/div>\n<p><script async=\"1\" defer=\"1\" crossorigin=\"anonymous\" src=\"https:\/\/connect.facebook.net\/en_US\/sdk.js#xfbml=1&amp;version=v5.0\"><\/script><\/p>\n<div class=\"fb-video\" data-href=\"https:\/\/www.facebook.com\/radiocachoeirofm\/videos\/593045414787238\/\" data-width=\"740\">\n<blockquote cite=\"https:\/\/www.facebook.com\/radiocachoeirofm\/videos\/593045414787238\/\" class=\"fb-xfbml-parse-ignore\"><p><a href=\"https:\/\/www.facebook.com\/radiocachoeirofm\/videos\/593045414787238\/\">ENTREVISTA: com escritor Romulo Felippe<\/a><\/p>\n<p>Acompanhe entrevista com escritor cachoeirense Romulo Felippe<\/p>\n<p>Posted by <a href=\"https:\/\/www.facebook.com\/radiocachoeirofm\/\">Radio Cachoeiro 96,3FM<\/a> on Tuesday, December 24, 2019<\/p><\/blockquote>\n<\/div>\n<p>&nbsp;<\/p>\n","protected":false},"excerpt":{"rendered":"<p>Reportagem assinada pelo jornalista Felipe Bezerra mostra o debate \u00e9pico com os jornalistas Mauro Roger, Tiago Rocha e Ilauro Oliveira na terra natal de Romulo Felippe em programa da r\u00e1dio Cachoeiro FM 96, por Felipe Bezerra hojees.com cachoeirofm.com.br Quem estava conectado \u00e0 r\u00e1dio Cachoeiro FM 96,3, nesta ter\u00e7a-feira (24), e ouviu o \u201cReda\u00e7\u00e3o 96\u201d, que [&hellip;]<\/p>\n","protected":false},"author":1,"featured_media":1236,"comment_status":"open","ping_status":"open","sticky":false,"template":"","format":"standard","meta":{"_uag_custom_page_level_css":"","footnotes":""},"categories":[6],"tags":[],"class_list":["post-1235","post","type-post","status-publish","format-standard","has-post-thumbnail","hentry","category-entrevistas"],"uagb_featured_image_src":{"full":["https:\/\/romulofelippe.com\/wp-content\/uploads\/2019\/12\/radio.jpg",1024,768,false],"thumbnail":["https:\/\/romulofelippe.com\/wp-content\/uploads\/2019\/12\/radio-150x150.jpg",150,150,true],"medium":["https:\/\/romulofelippe.com\/wp-content\/uploads\/2019\/12\/radio-300x225.jpg",300,225,true],"medium_large":["https:\/\/romulofelippe.com\/wp-content\/uploads\/2019\/12\/radio-768x576.jpg",740,555,true],"large":["https:\/\/romulofelippe.com\/wp-content\/uploads\/2019\/12\/radio.jpg",740,555,false],"1536x1536":["https:\/\/romulofelippe.com\/wp-content\/uploads\/2019\/12\/radio.jpg",1024,768,false],"2048x2048":["https:\/\/romulofelippe.com\/wp-content\/uploads\/2019\/12\/radio.jpg",1024,768,false],"post-thumbnail":["https:\/\/romulofelippe.com\/wp-content\/uploads\/2019\/12\/radio-1000x600.jpg",1000,600,true],"mvp-post-thumb":["https:\/\/romulofelippe.com\/wp-content\/uploads\/2019\/12\/radio-1000x600.jpg",1000,600,true],"mvp-port-thumb":["https:\/\/romulofelippe.com\/wp-content\/uploads\/2019\/12\/radio-560x600.jpg",560,600,true],"mvp-large-thumb":["https:\/\/romulofelippe.com\/wp-content\/uploads\/2019\/12\/radio-590x354.jpg",590,354,true],"mvp-mid-thumb":["https:\/\/romulofelippe.com\/wp-content\/uploads\/2019\/12\/radio-400x240.jpg",400,240,true],"mvp-small-thumb":["https:\/\/romulofelippe.com\/wp-content\/uploads\/2019\/12\/radio-80x80.jpg",80,80,true],"mailpoet_newsletter_max":["https:\/\/romulofelippe.com\/wp-content\/uploads\/2019\/12\/radio.jpg",1024,768,false],"woocommerce_thumbnail":["https:\/\/romulofelippe.com\/wp-content\/uploads\/2019\/12\/radio-300x300.jpg",300,300,true],"woocommerce_single":["https:\/\/romulofelippe.com\/wp-content\/uploads\/2019\/12\/radio.jpg",600,450,false],"woocommerce_gallery_thumbnail":["https:\/\/romulofelippe.com\/wp-content\/uploads\/2019\/12\/radio-100x100.jpg",100,100,true]},"uagb_author_info":{"display_name":"Assessoria de Imprensa","author_link":"https:\/\/romulofelippe.com\/?author=1"},"uagb_comment_info":5,"uagb_excerpt":"Reportagem assinada pelo jornalista Felipe Bezerra mostra o debate \u00e9pico com os jornalistas Mauro Roger, Tiago Rocha e Ilauro Oliveira na terra natal de Romulo Felippe em programa da r\u00e1dio Cachoeiro FM 96, por Felipe Bezerra hojees.com cachoeirofm.com.br Quem estava conectado \u00e0 r\u00e1dio Cachoeiro FM 96,3, nesta ter\u00e7a-feira (24), e ouviu o \u201cReda\u00e7\u00e3o 96\u201d, que&hellip;","amp_enabled":true,"_links":{"self":[{"href":"https:\/\/romulofelippe.com\/index.php?rest_route=\/wp\/v2\/posts\/1235","targetHints":{"allow":["GET"]}}],"collection":[{"href":"https:\/\/romulofelippe.com\/index.php?rest_route=\/wp\/v2\/posts"}],"about":[{"href":"https:\/\/romulofelippe.com\/index.php?rest_route=\/wp\/v2\/types\/post"}],"author":[{"embeddable":true,"href":"https:\/\/romulofelippe.com\/index.php?rest_route=\/wp\/v2\/users\/1"}],"replies":[{"embeddable":true,"href":"https:\/\/romulofelippe.com\/index.php?rest_route=%2Fwp%2Fv2%2Fcomments&post=1235"}],"version-history":[{"count":1,"href":"https:\/\/romulofelippe.com\/index.php?rest_route=\/wp\/v2\/posts\/1235\/revisions"}],"predecessor-version":[{"id":1237,"href":"https:\/\/romulofelippe.com\/index.php?rest_route=\/wp\/v2\/posts\/1235\/revisions\/1237"}],"wp:featuredmedia":[{"embeddable":true,"href":"https:\/\/romulofelippe.com\/index.php?rest_route=\/wp\/v2\/media\/1236"}],"wp:attachment":[{"href":"https:\/\/romulofelippe.com\/index.php?rest_route=%2Fwp%2Fv2%2Fmedia&parent=1235"}],"wp:term":[{"taxonomy":"category","embeddable":true,"href":"https:\/\/romulofelippe.com\/index.php?rest_route=%2Fwp%2Fv2%2Fcategories&post=1235"},{"taxonomy":"post_tag","embeddable":true,"href":"https:\/\/romulofelippe.com\/index.php?rest_route=%2Fwp%2Fv2%2Ftags&post=1235"}],"curies":[{"name":"wp","href":"https:\/\/api.w.org\/{rel}","templated":true}]}}