{"id":1281,"date":"2020-04-29T16:59:41","date_gmt":"2020-04-29T19:59:41","guid":{"rendered":"https:\/\/romulofelippe.com\/?p=1281"},"modified":"2020-04-29T17:08:56","modified_gmt":"2020-04-29T20:08:56","slug":"escritora-sobre-o-farol-fluidez-na-escrita-um-enredo-bem-construido","status":"publish","type":"post","link":"https:\/\/romulofelippe.com\/?p=1281","title":{"rendered":"An\u00e1lise do Farol: \u201cfluidez na escrita, enredo bem constru\u00eddo\u201d"},"content":{"rendered":"<h1><strong>Escritora paraense avalia livro da Novo Conceito: \u201cum romance doce, delicado, envolvente e emocionante&#8230;\u201d<\/strong><\/h1>\n<p><strong>Suzana Chaves Linhares<\/strong><\/p>\n<p><strong>Bel\u00e9m \/ PA<\/strong><\/p>\n<p><strong>@<a href=\"https:\/\/www.instagram.com\/escritorasuzanachaves\/\">escritorasuzanachaves<\/a><\/strong><\/p>\n<p>O Farol e a Tempestade, de\u00a0<a href=\"https:\/\/www.instagram.com\/romulo_felippe\/\">@romulo_felippe<\/a>, foi a minha leitura desta semana e posso dizer que foi maravilhosa!<br \/>\nSou apaixonada por far\u00f3is e quando vi a editora divulgando no Instagram, fiquei apaixonada pela capa, corri na Amazon e garanti o meu e-book.<br \/>\n\u00c9 a primeira vez que leio algo do Romulo e fiquei encantada pela forma como ele escreve. A ambienta\u00e7\u00e3o, caracteriza\u00e7\u00e3o dos personagens, fluidez na escrita, um enredo bem constru\u00eddo. Com toda certeza irei ler outras obras suas.<br \/>\nUm escritor e uma fot\u00f3grafa, dois cora\u00e7\u00f5es destru\u00eddos, um reencontro de almas. Um romance doce, delicado, envolvente e emocionante. Leiam este livro!<\/p>\n<p><a href=\"https:\/\/www.instagram.com\/explore\/tags\/dicadeleitura\/\">#dicadeleitura<\/a>\u00a0<a href=\"https:\/\/www.instagram.com\/explore\/tags\/vidadeleitora\/\">#vidadeleitora<\/a><a href=\"https:\/\/www.instagram.com\/explore\/tags\/literaturanacional\/\">#literaturanacional<\/a>\u00a0<a href=\"https:\/\/www.instagram.com\/explore\/tags\/leianacionais\/\">#leianacionais<\/a><a href=\"https:\/\/www.instagram.com\/explore\/tags\/souescritora\/\">#souescritora<\/a>\u00a0<a href=\"https:\/\/www.instagram.com\/explore\/tags\/instaescritora\/\">#instaescritora<\/a>\u00a0<a href=\"https:\/\/www.instagram.com\/explore\/tags\/amoler\/\">#amoler<\/a>\u00a0 <a href=\"https:\/\/www.instagram.com\/explore\/tags\/ofaroleatempestade\/\">#ofaroleatempestade<\/a>\u00a0<a href=\"https:\/\/www.instagram.com\/explore\/tags\/romulofelippe\/\">#romulofelippe<\/a><a href=\"https:\/\/www.instagram.com\/explore\/tags\/amoler\/\">#amoler<\/a><\/p>\n<p>&nbsp;<\/p>\n<p>&nbsp;<\/p>\n","protected":false},"excerpt":{"rendered":"<p>Escritora paraense avalia livro da Novo Conceito: \u201cum romance doce, delicado, envolvente e emocionante&#8230;\u201d Suzana Chaves Linhares Bel\u00e9m \/ PA @escritorasuzanachaves O Farol e a Tempestade, de\u00a0@romulo_felippe, foi a minha leitura desta semana e posso dizer que foi maravilhosa! Sou apaixonada por far\u00f3is e quando vi a editora divulgando no Instagram, fiquei apaixonada pela capa, [&hellip;]<\/p>\n","protected":false},"author":1,"featured_media":1282,"comment_status":"open","ping_status":"open","sticky":false,"template":"","format":"standard","meta":{"_uag_custom_page_level_css":"","footnotes":""},"categories":[3],"tags":[],"class_list":["post-1281","post","type-post","status-publish","format-standard","has-post-thumbnail","hentry","category-literatura"],"uagb_featured_image_src":{"full":["https:\/\/romulofelippe.com\/wp-content\/uploads\/2020\/04\/suzana.jpg",828,1030,false],"thumbnail":["https:\/\/romulofelippe.com\/wp-content\/uploads\/2020\/04\/suzana-150x150.jpg",150,150,true],"medium":["https:\/\/romulofelippe.com\/wp-content\/uploads\/2020\/04\/suzana-241x300.jpg",241,300,true],"medium_large":["https:\/\/romulofelippe.com\/wp-content\/uploads\/2020\/04\/suzana-768x955.jpg",740,920,true],"large":["https:\/\/romulofelippe.com\/wp-content\/uploads\/2020\/04\/suzana-823x1024.jpg",740,921,true],"1536x1536":["https:\/\/romulofelippe.com\/wp-content\/uploads\/2020\/04\/suzana.jpg",828,1030,false],"2048x2048":["https:\/\/romulofelippe.com\/wp-content\/uploads\/2020\/04\/suzana.jpg",828,1030,false],"post-thumbnail":["https:\/\/romulofelippe.com\/wp-content\/uploads\/2020\/04\/suzana-828x600.jpg",828,600,true],"mvp-post-thumb":["https:\/\/romulofelippe.com\/wp-content\/uploads\/2020\/04\/suzana-828x600.jpg",828,600,true],"mvp-port-thumb":["https:\/\/romulofelippe.com\/wp-content\/uploads\/2020\/04\/suzana-560x600.jpg",560,600,true],"mvp-large-thumb":["https:\/\/romulofelippe.com\/wp-content\/uploads\/2020\/04\/suzana-590x354.jpg",590,354,true],"mvp-mid-thumb":["https:\/\/romulofelippe.com\/wp-content\/uploads\/2020\/04\/suzana-400x240.jpg",400,240,true],"mvp-small-thumb":["https:\/\/romulofelippe.com\/wp-content\/uploads\/2020\/04\/suzana-80x80.jpg",80,80,true],"mailpoet_newsletter_max":["https:\/\/romulofelippe.com\/wp-content\/uploads\/2020\/04\/suzana.jpg",828,1030,false],"woocommerce_thumbnail":["https:\/\/romulofelippe.com\/wp-content\/uploads\/2020\/04\/suzana-300x300.jpg",300,300,true],"woocommerce_single":["https:\/\/romulofelippe.com\/wp-content\/uploads\/2020\/04\/suzana.jpg",600,746,false],"woocommerce_gallery_thumbnail":["https:\/\/romulofelippe.com\/wp-content\/uploads\/2020\/04\/suzana-100x100.jpg",100,100,true]},"uagb_author_info":{"display_name":"Assessoria de Imprensa","author_link":"https:\/\/romulofelippe.com\/?author=1"},"uagb_comment_info":4,"uagb_excerpt":"Escritora paraense avalia livro da Novo Conceito: \u201cum romance doce, delicado, envolvente e emocionante&#8230;\u201d Suzana Chaves Linhares Bel\u00e9m \/ PA @escritorasuzanachaves O Farol e a Tempestade, de\u00a0@romulo_felippe, foi a minha leitura desta semana e posso dizer que foi maravilhosa! Sou apaixonada por far\u00f3is e quando vi a editora divulgando no Instagram, fiquei apaixonada pela capa,&hellip;","amp_enabled":true,"_links":{"self":[{"href":"https:\/\/romulofelippe.com\/index.php?rest_route=\/wp\/v2\/posts\/1281","targetHints":{"allow":["GET"]}}],"collection":[{"href":"https:\/\/romulofelippe.com\/index.php?rest_route=\/wp\/v2\/posts"}],"about":[{"href":"https:\/\/romulofelippe.com\/index.php?rest_route=\/wp\/v2\/types\/post"}],"author":[{"embeddable":true,"href":"https:\/\/romulofelippe.com\/index.php?rest_route=\/wp\/v2\/users\/1"}],"replies":[{"embeddable":true,"href":"https:\/\/romulofelippe.com\/index.php?rest_route=%2Fwp%2Fv2%2Fcomments&post=1281"}],"version-history":[{"count":4,"href":"https:\/\/romulofelippe.com\/index.php?rest_route=\/wp\/v2\/posts\/1281\/revisions"}],"predecessor-version":[{"id":1288,"href":"https:\/\/romulofelippe.com\/index.php?rest_route=\/wp\/v2\/posts\/1281\/revisions\/1288"}],"wp:featuredmedia":[{"embeddable":true,"href":"https:\/\/romulofelippe.com\/index.php?rest_route=\/wp\/v2\/media\/1282"}],"wp:attachment":[{"href":"https:\/\/romulofelippe.com\/index.php?rest_route=%2Fwp%2Fv2%2Fmedia&parent=1281"}],"wp:term":[{"taxonomy":"category","embeddable":true,"href":"https:\/\/romulofelippe.com\/index.php?rest_route=%2Fwp%2Fv2%2Fcategories&post=1281"},{"taxonomy":"post_tag","embeddable":true,"href":"https:\/\/romulofelippe.com\/index.php?rest_route=%2Fwp%2Fv2%2Ftags&post=1281"}],"curies":[{"name":"wp","href":"https:\/\/api.w.org\/{rel}","templated":true}]}}