{"id":1398,"date":"2021-04-22T06:47:53","date_gmt":"2021-04-22T09:47:53","guid":{"rendered":"https:\/\/romulofelippe.com\/?p=1398"},"modified":"2021-04-22T06:51:36","modified_gmt":"2021-04-22T09:51:36","slug":"escritor-e-o-mais-novo-membro-daacademia-espirito-santense-de-letras","status":"publish","type":"post","link":"https:\/\/romulofelippe.com\/?p=1398","title":{"rendered":"O novo membro da Academia Esp\u00edrito-Santense de Letras"},"content":{"rendered":"<h3><strong>Aqui Not\u00edcias: \u201cRomulo Felippe assume a cadeira 9 da institui\u00e7\u00e3o centen\u00e1ria\u201d<\/strong><\/h3>\n<p><strong>Guilherme Gomes<\/strong><\/p>\n<p><strong>Jornal Aqui Not\u00edcias<\/strong><\/p>\n<p><strong>www.aquinoticias.com<\/strong><\/p>\n<p>\u00c0s v\u00e9speras de completar 47 anos, Romulo Felippe assume a cadeira 9 da institui\u00e7\u00e3o centen\u00e1ria, uma das mais tradicionais do Brasil. Ele foi eleito, na \u00faltima segunda-feira (12), o mais novo membro da Academia Esp\u00edrito-Santense de Letras (AEL).<\/p>\n<p>Outros seis disputavam a vaga para a cadeira 9, que pertencia ao poeta S\u00e9rgio Blank, que foi encontrado morto em sua resid\u00eancia no ano passado. Em decorr\u00eancia da pandemia do novo coronav\u00edrus (Covid-19) a elei\u00e7\u00e3o, pela primeira vez, foi realizada de forma virtual.<\/p>\n<p>Para participar das elei\u00e7\u00f5es por uma cadeira na Academia Esp\u00edrito-Santense de Letras o escritor interessado deve se inscrever dentro dos crit\u00e9rios exigidos pela AEL. A partir das candidaturas, os confrades se re\u00fanem e promovem a vota\u00e7\u00e3o secreta. \u201cFui honrado com a escolha, o que \u00e9 motivo de alegria e j\u00fabilo, mas tamb\u00e9m de comprometimento ainda maior com a nossa literatura. Com a expans\u00e3o pelo amor aos livros\u201d, afirma.<\/p>\n<p>De acordo com o estatuto da Academia, a posse acontecer\u00e1 dentro de 180 dias, at\u00e9 o m\u00eas de outubro. Se a vacina\u00e7\u00e3o permitir, com um grande encontro dos confrades, confreiras, familiares e convidados. Caso contr\u00e1rio ser\u00e1 novamente virtual. Para Romulo, tornar-se um imortal da Academia \u00e9 um grande desafio, mas que vem para revigorar o seu esp\u00edrito liter\u00e1rio.<\/p>\n<p>\u201cVou ocupar a cadeira 9, que pertenceu ao querido e saudoso S\u00e9rgio Blank, considerado o poeta-mor do nosso Esp\u00edrito Santo. \u00c9 uma miss\u00e3o herc\u00falea! \u00c9 estar ciente de que h\u00e1 muitos desafios pela frente e cada autor e autora que l\u00e1 est\u00e3o formam uma poderosa corrente com elos que devem ser inquebrant\u00e1veis. Vivemos tempos desafiadores com a pandemia. \u00c9 preciso que mostremos a import\u00e2ncia da leitura em nossas vidas, seja na forma\u00e7\u00e3o humana, cultural e intelectual. Devemos trabalhar para forjar uma nova gera\u00e7\u00e3o de leitores em um pa\u00eds t\u00e3o importante como o Brasil\u201d, destaca Romulo.<\/p>\n<p>Entre setembro e janeiro o escritor sofreu duas infec\u00e7\u00f5es da Covid-19, e agora comemora a vit\u00f3ria sobre a doen\u00e7a, com a realiza\u00e7\u00e3o de um sonho desde que era crian\u00e7a. \u201cEstava com a minha esposa no momento que recebi a informa\u00e7\u00e3o da minha elei\u00e7\u00e3o. Foi um momento de \u00eaxtase, de alegria plena, em um dia j\u00e1 de muitas b\u00ean\u00e7\u00e3os em nossas vidas. Ent\u00e3o, essa vit\u00f3ria \u2013 que \u00e9 um sonho de inf\u00e2ncia, quando ainda menino dedilhava meus primeiros poemas e cr\u00f4nicas \u2013 \u00e9 grandiosa em meu cora\u00e7\u00e3o. Quero honrar a minha cadeira e os meus pares na centen\u00e1ria Academia, uma das mais importantes do pa\u00eds\u201d, comemora.<\/p>\n<p>Atualmente Romulo Felippe conta com tr\u00eas livros publicados, al\u00e9m da participa\u00e7\u00e3o em uma colet\u00e2nea portuguesa: \u201cMonge Guerreiro\u201d, uma fantasia medieval publicada em portugu\u00eas, ingl\u00eas e italiano; \u201cReino dos Morcegos\u201d uma fantasia juvenil; o romance \u201cO Farol e a Tempestade\u201d; e a colet\u00e2nea portugu\u00eas \u201cEntre Monstros e Drag\u00f5es\u201d.<\/p>\n<p>Durante o per\u00edodo pand\u00eamico o escritor finalizou quatro originais in\u00e9ditos, que dever\u00e3o ser publicados at\u00e9 o final do ano: o drama ambientado na 2\u00aa Guerra Mundial \u201cP\u00e1ssaros Negros na Neve\u201d; \u201cQuando Entrevistei Jesus\u201d sobre uma jornada na Terra Santa; o infantil \u201cMundos Incr\u00edveis Al\u00e9m do Nosso\u201d; a fantasia medieval \u201cO Fogo Eterno do Drag\u00e3o\u201d; e deu in\u00edcio a uma produ\u00e7\u00e3o para mercado italiano \u201cO Lanceiro Romano\u201d.<\/p>\n<p>Para os que sonham em ser escritores, mas precisam de um incentivo, Romulo destaca que acima de tudo acredite em seus sonhos, apoie-se em seus objetivos, e por \u00faltimo e mais importante, pratique escrita todos os dias.<\/p>\n<p>\u201cN\u00e3o importa se uma pessoa ou outra diga que voc\u00ea deve desistir de seus objetivos, deve buscar outros rumos na sua vida. Apoie-se em seus objetivos, explore seus talentos e esteja cercado, sempre, daqueles que acreditam em voc\u00ea. Em principal no seio familiar. Para ser um escritor, acima de tudo, seja um contumaz leitor. Sei que a tecnologia e a rotina agitada afastam muitos das leituras di\u00e1rias, mas dedique um tempo di\u00e1rio aos livros. Uma hora que seja. E, certamente, pratique a escrita todos os dias de sua vida. Porque, at\u00e9 seus \u00faltimos dias de exist\u00eancia terrena, todo escritor tem muito a aprender e a absorver. A vida \u00e9 um constante aprendizado. Jamais desista dos seus sonhos!\u201d, completa.<\/p>\n<p><strong>Trajet\u00f3ria<\/strong><\/p>\n<p>Nascido em Cachoeiro de Itapemirim, Romulo foi criado no bairro Amaral, bem pr\u00f3ximo a Casa dos Braga, que segundo o escritor, foi um local que contribuiu muito em sua forma\u00e7\u00e3o liter\u00e1ria, com forte influ\u00eancia do escritor Rubem Braga. Hoje mora em Vit\u00f3ria, \u00e9 casado com Svetlana Bertolo Felippe, pai de tr\u00eas filhos (Romulo. Gianluca e Giuseppe) e agraciado com dois enteados (Ana Paula e Henrique).<\/p>\n<p>Jornalista, atuando na \u00e1rea h\u00e1 33 anos, teve seu primeiro emprego aos 13 anos no ent\u00e3o semanal jornal \u201cO Brado\u201d, do saudoso Jos\u00e9 Paineiras. Desde ent\u00e3o nunca mais parou de atuar na m\u00eddia impressa e televisiva.<\/p>\n<p>\u201cTive a honra de fazer reportagens especiais por mais de 20 pa\u00edses, em especial nas \u00e1reas de economia e log\u00edstica. Foi atrav\u00e9s do jornalismo que me tornou oportuno visitar mais de 50 castelos em uma dezena de pa\u00edses na Europa, o que resultou em meu primeiro livro, \u201cMonge Guerreiro\u201d\u201d, relembra Romulo.<\/p>\n<p>A paix\u00e3o pela escrita come\u00e7ou muito cedo. Desde os nove anos j\u00e1 \u201criscava\u201d seus primeiros textos. Logo a seguir enviava pequenos poemas e croniquetas para os jornais de Cachoeiro (Arauto, Correio do Sul, O Brado\u2026), o que lhe rendeu seu primeiro emprego em uma reda\u00e7\u00e3o de jornal, quando tinha 13 anos.<\/p>\n<p>\u201cEu lia muito, entre dois a tr\u00eas livros semanais. Lia as obras de Rubem Braga e sentia que era aquilo que eu queria: viver da escrita. Mas a dedica\u00e7\u00e3o ao jornalismo nessas d\u00e9cadas me custou um nascimento tardio para a publica\u00e7\u00e3o do meu primeiro livro. Hoje, tenho um objetivo fixo em mente: publicar ao menos um livro por ano. E que venham muitos\u201d, finaliza.<\/p>\n<p>Link da mat\u00e9ria:<\/p>\n<p><a href=\"https:\/\/www.aquinoticias.com\/2021\/04\/escritor-cachoeirense-e-o-mais-novo-membro-da-academia-espirito-santense-de-letras\/\">https:\/\/www.aquinoticias.com\/2021\/04\/escritor-cachoeirense-e-o-mais-novo-membro-da-academia-espirito-santense-de-letras\/<\/a><\/p>\n","protected":false},"excerpt":{"rendered":"<p>Aqui Not\u00edcias: \u201cRomulo Felippe assume a cadeira 9 da institui\u00e7\u00e3o centen\u00e1ria\u201d Guilherme Gomes Jornal Aqui Not\u00edcias www.aquinoticias.com \u00c0s v\u00e9speras de completar 47 anos, Romulo Felippe assume a cadeira 9 da institui\u00e7\u00e3o centen\u00e1ria, uma das mais tradicionais do Brasil. Ele foi eleito, na \u00faltima segunda-feira (12), o mais novo membro da Academia Esp\u00edrito-Santense de Letras (AEL). [&hellip;]<\/p>\n","protected":false},"author":1,"featured_media":1403,"comment_status":"open","ping_status":"open","sticky":false,"template":"","format":"standard","meta":{"_uag_custom_page_level_css":"","footnotes":""},"categories":[1],"tags":[],"class_list":["post-1398","post","type-post","status-publish","format-standard","has-post-thumbnail","hentry","category-saiu-na-midia"],"uagb_featured_image_src":{"full":["https:\/\/romulofelippe.com\/wp-content\/uploads\/2021\/04\/romulo-scaled.jpg",2560,1920,false],"thumbnail":["https:\/\/romulofelippe.com\/wp-content\/uploads\/2021\/04\/romulo-150x150.jpg",150,150,true],"medium":["https:\/\/romulofelippe.com\/wp-content\/uploads\/2021\/04\/romulo-300x225.jpg",300,225,true],"medium_large":["https:\/\/romulofelippe.com\/wp-content\/uploads\/2021\/04\/romulo-768x576.jpg",740,555,true],"large":["https:\/\/romulofelippe.com\/wp-content\/uploads\/2021\/04\/romulo-1024x768.jpg",740,555,true],"1536x1536":["https:\/\/romulofelippe.com\/wp-content\/uploads\/2021\/04\/romulo-1536x1152.jpg",1536,1152,true],"2048x2048":["https:\/\/romulofelippe.com\/wp-content\/uploads\/2021\/04\/romulo-2048x1536.jpg",2048,1536,true],"post-thumbnail":["https:\/\/romulofelippe.com\/wp-content\/uploads\/2021\/04\/romulo-1000x600.jpg",1000,600,true],"mvp-post-thumb":["https:\/\/romulofelippe.com\/wp-content\/uploads\/2021\/04\/romulo-1000x600.jpg",1000,600,true],"mvp-port-thumb":["https:\/\/romulofelippe.com\/wp-content\/uploads\/2021\/04\/romulo-560x600.jpg",560,600,true],"mvp-large-thumb":["https:\/\/romulofelippe.com\/wp-content\/uploads\/2021\/04\/romulo-590x354.jpg",590,354,true],"mvp-mid-thumb":["https:\/\/romulofelippe.com\/wp-content\/uploads\/2021\/04\/romulo-400x240.jpg",400,240,true],"mvp-small-thumb":["https:\/\/romulofelippe.com\/wp-content\/uploads\/2021\/04\/romulo-80x80.jpg",80,80,true],"mailpoet_newsletter_max":["https:\/\/romulofelippe.com\/wp-content\/uploads\/2021\/04\/romulo-scaled.jpg",1320,990,false],"woocommerce_thumbnail":["https:\/\/romulofelippe.com\/wp-content\/uploads\/2021\/04\/romulo-scaled-300x300.jpg",300,300,true],"woocommerce_single":["https:\/\/romulofelippe.com\/wp-content\/uploads\/2021\/04\/romulo-scaled.jpg",600,450,false],"woocommerce_gallery_thumbnail":["https:\/\/romulofelippe.com\/wp-content\/uploads\/2021\/04\/romulo-scaled-100x100.jpg",100,100,true]},"uagb_author_info":{"display_name":"Assessoria de Imprensa","author_link":"https:\/\/romulofelippe.com\/?author=1"},"uagb_comment_info":5,"uagb_excerpt":"Aqui Not\u00edcias: \u201cRomulo Felippe assume a cadeira 9 da institui\u00e7\u00e3o centen\u00e1ria\u201d Guilherme Gomes Jornal Aqui Not\u00edcias www.aquinoticias.com \u00c0s v\u00e9speras de completar 47 anos, Romulo Felippe assume a cadeira 9 da institui\u00e7\u00e3o centen\u00e1ria, uma das mais tradicionais do Brasil. Ele foi eleito, na \u00faltima segunda-feira (12), o mais novo membro da Academia Esp\u00edrito-Santense de Letras (AEL).&hellip;","amp_enabled":true,"_links":{"self":[{"href":"https:\/\/romulofelippe.com\/index.php?rest_route=\/wp\/v2\/posts\/1398","targetHints":{"allow":["GET"]}}],"collection":[{"href":"https:\/\/romulofelippe.com\/index.php?rest_route=\/wp\/v2\/posts"}],"about":[{"href":"https:\/\/romulofelippe.com\/index.php?rest_route=\/wp\/v2\/types\/post"}],"author":[{"embeddable":true,"href":"https:\/\/romulofelippe.com\/index.php?rest_route=\/wp\/v2\/users\/1"}],"replies":[{"embeddable":true,"href":"https:\/\/romulofelippe.com\/index.php?rest_route=%2Fwp%2Fv2%2Fcomments&post=1398"}],"version-history":[{"count":3,"href":"https:\/\/romulofelippe.com\/index.php?rest_route=\/wp\/v2\/posts\/1398\/revisions"}],"predecessor-version":[{"id":1402,"href":"https:\/\/romulofelippe.com\/index.php?rest_route=\/wp\/v2\/posts\/1398\/revisions\/1402"}],"wp:featuredmedia":[{"embeddable":true,"href":"https:\/\/romulofelippe.com\/index.php?rest_route=\/wp\/v2\/media\/1403"}],"wp:attachment":[{"href":"https:\/\/romulofelippe.com\/index.php?rest_route=%2Fwp%2Fv2%2Fmedia&parent=1398"}],"wp:term":[{"taxonomy":"category","embeddable":true,"href":"https:\/\/romulofelippe.com\/index.php?rest_route=%2Fwp%2Fv2%2Fcategories&post=1398"},{"taxonomy":"post_tag","embeddable":true,"href":"https:\/\/romulofelippe.com\/index.php?rest_route=%2Fwp%2Fv2%2Ftags&post=1398"}],"curies":[{"name":"wp","href":"https:\/\/api.w.org\/{rel}","templated":true}]}}