{"id":1404,"date":"2021-04-22T07:03:13","date_gmt":"2021-04-22T10:03:13","guid":{"rendered":"https:\/\/romulofelippe.com\/?p=1404"},"modified":"2021-04-22T07:04:02","modified_gmt":"2021-04-22T10:04:02","slug":"gazeta-romulo-felippe-e-a-nova-geracao-de-leitores","status":"publish","type":"post","link":"https:\/\/romulofelippe.com\/?p=1404","title":{"rendered":"Gazeta: &#8220;Romulo e a constru\u00e7\u00e3o de uma nova gera\u00e7\u00e3o de leitores&#8221;"},"content":{"rendered":"<p><strong>O escritor e jornalista ocupar\u00e1 a cadeira 9 na Academia Esp\u00edrito-santense de Letras, que pertenceu ao poeta S\u00e9rgio Blank, e pretende ajudar na constru\u00e7\u00e3o de uma nova gera\u00e7\u00e3o de leitores<\/strong><\/p>\n<p><strong>Sarah Bichara<\/strong><\/p>\n<p><strong>Vit\u00f3ria \/ Rede Gazeta<\/strong><\/p>\n<p>A \u00faltima segunda-feira, dia 12 de abril, foi para o escritor Romulo Felippe um dos momentos mais importantes de sua carreira. Em suas palavras, neste dia viveu um momento de \u00eaxtase e jubilo ao receber a not\u00edcia de que conquistou a cadeira n\u00famero 9 da Academia Esp\u00edrito-santense de Letras (AEL).<\/p>\n<p>&#8220;O dia j\u00e1 estava pleno, com o in\u00edcio da realiza\u00e7\u00e3o de um sonho, no litoral de Anchieta, e por ser o Dia da Padroeira do Esp\u00edrito Santo. E foi fechado na estrada, na companhia da minha esposa, nas palavras do confrade Anaximandro Amorim, que anunciou a minha vit\u00f3ria\u201d, relembra o momento. Felippe concorreu com mais seis autores pela honra de fazer parte da institui\u00e7\u00e3o, tendo sido eleito em uma assembleia virtual.\u00a0<strong>\u00a0<\/strong><\/p>\n<p><strong>SONHO REALIZADO<\/strong><\/p>\n<p>Cachoeirense, o tamb\u00e9m jornalista ocupar\u00e1 o posto outrora pertencente ao grande expoente da literatura capixaba, S\u00e9rgio Blank,\u00a0<a href=\"https:\/\/www.agazeta.com.br\/es\/obituario\/morre-o-poeta-capixaba-sergio-blank-aos-56-anos-0720\">que faleceu em 2020<\/a>. Felippe afirma que a contribui\u00e7\u00e3o po\u00e9tica do antecessor \u00e9 perp\u00e9tua e demonstra sua admira\u00e7\u00e3o: \u201cTinha uma vis\u00e3o transl\u00facida do cotidiano, enxergava o invis\u00edvel para todos n\u00f3s e o transformava em poesia plena, da alma. Uma lacuna se abriu diante sua partida, infelizmente, mas seu escrito est\u00e1 eternizado\u201d.<\/p>\n<p>Vale destacar que a posse do escritor deve ocorrer dentro de 180 dias a partir de sua elei\u00e7\u00e3o, de acordo com o estatuto da AEL. Felippe detalha que a ideia \u00e9 que aconte\u00e7a em outubro, devido ao momento marcado pela pandemia, para que, talvez, com a devida vacina\u00e7\u00e3o, possa ocorrer de forma presencial. \u201cCaso contr\u00e1rio, ser\u00e1 virtual, assim como o foi na Assembleia da minha elei\u00e7\u00e3o\u201d, declara.<\/p>\n<p>O escritor conta que concorrer \u00e0 cadeira teve duas motiva\u00e7\u00f5es: um sonho de inf\u00e2ncia e adolesc\u00eancia; e a vontade de ser um colaborador no dif\u00edcil processo de n\u00e3o apenas difundir a paix\u00e3o liter\u00e1ria, mas tamb\u00e9m ajudar na constru\u00e7\u00e3o de uma nova gera\u00e7\u00e3o de leitores.\u00a0Romulo acredita que as academias liter\u00e1rias s\u00e3o essenciais para esta forma\u00e7\u00e3o.<\/p>\n<p><strong>Romulo Felippe<\/strong><\/p>\n<p><strong>Acad\u00eamico da AEL<\/strong><\/p>\n<p><strong>&#8220;Mais do que patrim\u00f4nios f\u00edsicos, como a bel\u00edssima sede da Academia Esp\u00edrito-santense de Letras, esses n\u00facleos s\u00e3o guardi\u00f5es da nossa literatura&#8221;<\/strong><\/p>\n<p>Como novo membro, entre os 40 totais da AEL, que completa 100 anos em setembro de 2021, Romulo enxerga que o seu papel \u00e9 o de preservar a riqueza de nossa l\u00edngua m\u00e3e e, mais ainda, expandir conhecimento para a popula\u00e7\u00e3o, principalmente para aqueles que necessitam de refer\u00eancias liter\u00e1rias. \u201cCerca de 30% da popula\u00e7\u00e3o brasileira jamais leu um livro por inteiro. Segundo a pesquisa, isso se deu por falta de quem os incentivasse a ler. Ent\u00e3o, eis uma das miss\u00f5es da AEL: instigar, incentivar e estimular a leitura\u201d, reflete.<\/p>\n<p>A respeito dos projetos em que deseja atuar na academia, adianta: &#8220;A AEL possui projetos incr\u00edveis, como o 1\u00ba Concurso Liter\u00e1rio S\u00e9rgio Blank, voltado para os apenados do sistema carcer\u00e1rio capixaba. Muitos dos confrades e confreiras, antes da pandemia, visitavam escolas para levar aos jovens o amor pelos livros, seja na leitura ou na escrita. Gostaria de atuar dentro desse contexto&#8221;.<\/p>\n<p><strong>TRAJET\u00d3RIA LITER\u00c1RIA E NOVAS OBRAS<\/strong><\/p>\n<p>Com paix\u00e3o declarada pela leitura e escrita, Romulo conta que o gosto vem desde a inf\u00e2ncia, quando j\u00e1 visitava a Casa dos Braga, morada de Rubem Braga em vida, local em que &#8220;devorava&#8221; centenas de obras. &#8220;Absorvia tudo o que podia: de Guimar\u00e3es Rosa a Umberto Eco. Mas era o Sabi\u00e1 da Cr\u00f4nica Brasileira, Rubem Braga, quem mais me cativava. Nascia ali meus primeiros versos e cr\u00f4nicas publicados nos jornais semanais: O Brado, Correio do Sul e O Arauto&#8221;, rememora.<\/p>\n<p>Foi aos treze anos que adentrou em seu primeiro emprego de meio expediente em uma reda\u00e7\u00e3o. A partir do jornalismo, ele afirma ter sido um pulo para a literatura. Hoje, Felippe tem t\u00eas livros publicados: \u201cMonge Guerreiro\u201d; \u201cO Farol e a Tempestade\u201d; e \u201cReino dos Morcegos\u201d. Al\u00e9m disso, o escritor tem participa\u00e7\u00e3o no Volume I de \u201cEntre Monstros e Drag\u00f5es\u201d, colet\u00e2nea portuguesa, organizada por R.C. Vicente<strong>\u00a0(confira mais detalhes sobre os livros ao final da mat\u00e9ria)<\/strong>.<\/p>\n<p>&#8220;Frases curtas, par\u00e1grafos pequenos, farta pesquisa e um texto de imers\u00e3o. Anseio que o leitor viaje pelo enredo, que sinta na pele as dores e amores das minhas obras&#8221;, assim Romulo define o seu modo de escrita.<\/p>\n<p>E vem muito mais por a\u00ed, neste pouco mais de um ano de pandemia, infectado e reinfectado pela Covid-19, o autor produziu quatro originais in\u00e9ditos, que ser\u00e3o lan\u00e7ados no decorrer de 2021. Os t\u00edtulos s\u00e3o o drama de guerra \u201cP\u00e1ssaros Negros na Neve\u201d, com lan\u00e7amento em junho, pela Novo Conceito; a jornada pela Terra Santa \u201cQuando Entrevistei Jesus\u201d, que apresenta uma pegada jornal\u00edstica; o infantil \u201cUniversos Incr\u00edveis Al\u00e9m do Nosso\u201d; e a fantasia medieval \u201cO Fogo Eterno do Drag\u00e3o\u201d.<\/p>\n<p>\u201cAtualmente estou finalizando as pesquisas do romance hist\u00f3rico \u201cO Lanceiro Romano\u201d, encomendado pela minha editora italiana, a Newton Compton Editori. Esta \u00e9 a \u00e1rdua e prazerosa miss\u00e3o para 2021. Que venha muito mais!\u201d, antecipa, para a alegria dos f\u00e3s.<\/p>\n<p><strong>VIS\u00c3O SOBRE A LITERATURA CAPIXABA<\/strong><\/p>\n<p>Para Romulo, o Esp\u00edrito Santo \u00e9 um celeiro de talentos, destacando o c\u00e9lebre Rubem Braga e os que julga fenomenais: Francismo Aur\u00e9lio, Bernadette Lyra, Jo\u00e3o Gualberto, Neida L\u00facia e Anaximandro Amorim. Embora n\u00e3o consiga nominar todos os autores que admira no Estado, enfatiza: \u201cDefendo a tese de que um escritor n\u00e3o possui p\u00e1tria ou fronteiras que o cerquem, seja capixaba, brasileiro no contexto geral ou ingl\u00eas, por exemplo. O escritor \u00e9 uma pe\u00e7a universal. O mundo deveria aprender a ler mais nossos autores, e aos poucos isso est\u00e1 acontecendo\u201d.<\/p>\n<p>Felippe pensa ser preciso difundir melhor as obras locais atrav\u00e9s de feiras, encontros, palestras e afins. Em entrevista ao Papo de Colunista, na quarta-feira (14), com Beatriz Seixas, Rafael Braz e Leonel Ximenes, o escritor contou mais sobre a sua vis\u00e3o a respeito do mercado de livros no ES e chegou a comentar quest\u00f5es como a taxa\u00e7\u00e3o de obras e o incentivo \u00e0 leitura. Confira na \u00edntegra:<\/p>\n<p><strong>MONGE GUERREIRO<\/strong><\/p>\n<ul>\n<li><strong>Autor:\u00a0<\/strong>Romulo Felippe<\/li>\n<li><strong>Sinopse:\u00a0<\/strong>Princ\u00edpio de tarde na pen\u00ednsula de Veneza&#8230; O c\u00e9u est\u00e1 tingido de rubro e o calor emana das \u00e1guas do Adri\u00e1tico. Dezenas de milhares de soldados, guarnecidos de armas e armaduras, povoam as ruas estreitas e sinuosas da cidade. Os homens apinham-se entre as ameias das muralhas com os olhos varrendo o horizonte. Arqueiros e lanceiros est\u00e3o a postos. Pontes, canais e pra\u00e7as tornam-se trincheiras estrat\u00e9gicas, enquanto a popula\u00e7\u00e3o esconde-se em casas, \u00e1reas subterr\u00e2neas ou busca prote\u00e7\u00e3o divina sob as naves centrais dos grandes templos. Todos est\u00e3o \u00e0 espera da besta.<\/li>\n<li><strong>Valor:\u00a0<\/strong>R$ 47,90 (capa dura)<\/li>\n<li><strong>Local de venda:<\/strong><a href=\"https:\/\/www.amazon.com.br\/Monge-Guerreiro-Coroa-Lan%C3%A7a-Drag%C3%A3o\/dp\/8592594049\/ref=asc_df_8592594049\/?tag=googleshopp00-20&amp;linkCode=df0&amp;hvadid=379692994317&amp;hvpos=&amp;hvnetw=g&amp;hvrand=12839059065183497229&amp;hvpone=&amp;hvptwo=&amp;hvqmt=&amp;hvdev=c&amp;hvdvcmdl=&amp;hvlocint=&amp;hvlocphy=1001541&amp;hvtargid=pla-809662967022&amp;psc=1\">no site Amazon<\/a><\/li>\n<\/ul>\n<p><strong>O FAROL E A TEMPESTADE<\/strong><\/p>\n<ul>\n<li><strong>Autor:\u00a0<\/strong>Romulo Felippe<\/li>\n<li><strong>Sinopse:<\/strong>Samuel Jones \u00e9 um autor best-seller que vive recluso em uma remota ilha do Atl\u00e2ntico Norte desde que perdeu a fam\u00edlia em um acidente de carro. A partir desse terr\u00edvel advento, viver passou a ser um mart\u00edrio, um sacrif\u00edcio di\u00e1rio. O ex\u00edlio de Sam, entretanto, ganhar\u00e1 um vi\u00e9s ainda mais dram\u00e1tico quando uma bola de fogo riscar os c\u00e9us diante de seus olhos no meio de uma tempestade. Em uma obra do acaso, a fot\u00f3grafa nova-iorquina Anne Crawford sobrevive ao desastre a\u00e9reo e \u00e9 salva justamente pelo escritor, quebrando a partir da\u00ed a solid\u00e3o da Ilha Farethon e de seu farol secular. Duas almas marcadas por trag\u00e9dias. Dois cora\u00e7\u00f5es despeda\u00e7ados pela vida. Para Sam e Anne h\u00e1 muito mais em jogo do que f\u00e9 e paix\u00e3o, perd\u00e3o e esperan\u00e7as. Marcados pela aus\u00eancia de um passado e a impossibilidade de um futuro, resta-lhes viver o presente em sua mais profunda intensidade.<\/li>\n<li><strong>Valor:\u00a0<\/strong>R$ 16,20 (impresso); R$ 14,90 (e-book)<\/li>\n<li><strong>Local de venda:<\/strong><a href=\"https:\/\/www.amazon.com.br\/Farol-Tempestade-Romulo-Felippe\/dp\/8581639070\/ref=sr_1_1?__mk_pt_BR=%C3%85M%C3%85%C5%BD%C3%95%C3%91&amp;dchild=1&amp;keywords=O+FAROL+E+A+TEMPESTADE&amp;qid=1618511118&amp;s=books&amp;sr=1-1\">no site Amazon\u00a0<\/a><\/li>\n<\/ul>\n<p><strong>REINO DOS MORCEGOS<\/strong><\/p>\n<ul>\n<li><strong>Autor:\u00a0<\/strong>Romulo Felippe<\/li>\n<li><strong>Sinopse:<\/strong>Morcegos est\u00e3o proibidos de voar para dentro das muralhas de Carcassone, mas cabe a Frederico, um corajoso morcego albino, cumprir a profecia e selar a paz entre homens e morcegos.<\/li>\n<li><strong>Valor:<\/strong>R$ 20 (capa dura)<\/li>\n<li><strong>Local de venda:<\/strong><a href=\"https:\/\/www.amazon.com.br\/Reino-dos-Morcegos-Romulo-Felippe\/dp\/8592594057\/ref=sr_1_1?__mk_pt_BR=%C3%85M%C3%85%C5%BD%C3%95%C3%91&amp;dchild=1&amp;keywords=reino+dos+morcegos&amp;qid=1618511239&amp;s=books&amp;sr=1-1\">no site Amazon\u00a0<\/a><\/li>\n<\/ul>\n<p><strong>ENTRE MONSTROS E DRAG\u00d5ES<\/strong><\/p>\n<ul>\n<li><strong>Sinopse:\u00a0<\/strong>A Autora R.C. Vicente foi a respons\u00e1vel pela edi\u00e7\u00e3o e coordena\u00e7\u00e3o da recolha dos contos que d\u00e3o forma a este livro, no qual trinta e um talentos da literatura fant\u00e1stica se unem como se de um s\u00f3 se tratasse. A colect\u00e2nea conta com a participa\u00e7\u00e3o especial de\u00a0<strong>Romulo Felippe.<\/strong>Desde drag\u00f5es, a sereias, vampiros, goblins, feiticeiros e\u00a0 elfos, entre muitos outros seres do outro mundo, aspirantes, amadores e profissionais juntam-se para dar voz ao g\u00eanero do fant\u00e1stico numa colet\u00e2nea onde n\u00e3o se encontram dois contos iguais.<\/li>\n<li><strong>Valor:\u00a0<\/strong>\u20ac17, cerca de R$ 114 (impresso); \u20ac5 cerca de R$ 33, 65 (e-book)<\/li>\n<li><strong>Local de venda:\u00a0<\/strong><a href=\"https:\/\/www.chiadobooks.com\/livraria\/entre-monstros-e-dragoes\">no site da Chiado Books<\/a><\/li>\n<\/ul>\n<p>&nbsp;<\/p>\n<p><a href=\"https:\/\/www.agazeta.com.br\/entretenimento\/cultura\/romulo-felippe-fala-de-planos-apos-conquista-de-cadeira-na-ael-0421\">Leia mais em:<\/a><\/p>\n<p>&nbsp;<\/p>\n<p>&nbsp;<\/p>\n","protected":false},"excerpt":{"rendered":"<p>O escritor e jornalista ocupar\u00e1 a cadeira 9 na Academia Esp\u00edrito-santense de Letras, que pertenceu ao poeta S\u00e9rgio Blank, e pretende ajudar na constru\u00e7\u00e3o de uma nova gera\u00e7\u00e3o de leitores Sarah Bichara Vit\u00f3ria \/ Rede Gazeta A \u00faltima segunda-feira, dia 12 de abril, foi para o escritor Romulo Felippe um dos momentos mais importantes de [&hellip;]<\/p>\n","protected":false},"author":1,"featured_media":1406,"comment_status":"open","ping_status":"open","sticky":false,"template":"","format":"standard","meta":{"_uag_custom_page_level_css":"","footnotes":""},"categories":[1],"tags":[],"class_list":["post-1404","post","type-post","status-publish","format-standard","has-post-thumbnail","hentry","category-saiu-na-midia"],"uagb_featured_image_src":{"full":["https:\/\/romulofelippe.com\/wp-content\/uploads\/2021\/04\/IMG_3447-scaled.jpg",2560,1920,false],"thumbnail":["https:\/\/romulofelippe.com\/wp-content\/uploads\/2021\/04\/IMG_3447-150x150.jpg",150,150,true],"medium":["https:\/\/romulofelippe.com\/wp-content\/uploads\/2021\/04\/IMG_3447-300x225.jpg",300,225,true],"medium_large":["https:\/\/romulofelippe.com\/wp-content\/uploads\/2021\/04\/IMG_3447-768x576.jpg",740,555,true],"large":["https:\/\/romulofelippe.com\/wp-content\/uploads\/2021\/04\/IMG_3447-1024x768.jpg",740,555,true],"1536x1536":["https:\/\/romulofelippe.com\/wp-content\/uploads\/2021\/04\/IMG_3447-1536x1152.jpg",1536,1152,true],"2048x2048":["https:\/\/romulofelippe.com\/wp-content\/uploads\/2021\/04\/IMG_3447-2048x1536.jpg",2048,1536,true],"post-thumbnail":["https:\/\/romulofelippe.com\/wp-content\/uploads\/2021\/04\/IMG_3447-1000x600.jpg",1000,600,true],"mvp-post-thumb":["https:\/\/romulofelippe.com\/wp-content\/uploads\/2021\/04\/IMG_3447-1000x600.jpg",1000,600,true],"mvp-port-thumb":["https:\/\/romulofelippe.com\/wp-content\/uploads\/2021\/04\/IMG_3447-560x600.jpg",560,600,true],"mvp-large-thumb":["https:\/\/romulofelippe.com\/wp-content\/uploads\/2021\/04\/IMG_3447-590x354.jpg",590,354,true],"mvp-mid-thumb":["https:\/\/romulofelippe.com\/wp-content\/uploads\/2021\/04\/IMG_3447-400x240.jpg",400,240,true],"mvp-small-thumb":["https:\/\/romulofelippe.com\/wp-content\/uploads\/2021\/04\/IMG_3447-80x80.jpg",80,80,true],"mailpoet_newsletter_max":["https:\/\/romulofelippe.com\/wp-content\/uploads\/2021\/04\/IMG_3447-scaled.jpg",1320,990,false],"woocommerce_thumbnail":["https:\/\/romulofelippe.com\/wp-content\/uploads\/2021\/04\/IMG_3447-scaled-300x300.jpg",300,300,true],"woocommerce_single":["https:\/\/romulofelippe.com\/wp-content\/uploads\/2021\/04\/IMG_3447-scaled.jpg",600,450,false],"woocommerce_gallery_thumbnail":["https:\/\/romulofelippe.com\/wp-content\/uploads\/2021\/04\/IMG_3447-scaled-100x100.jpg",100,100,true]},"uagb_author_info":{"display_name":"Assessoria de Imprensa","author_link":"https:\/\/romulofelippe.com\/?author=1"},"uagb_comment_info":6,"uagb_excerpt":"O escritor e jornalista ocupar\u00e1 a cadeira 9 na Academia Esp\u00edrito-santense de Letras, que pertenceu ao poeta S\u00e9rgio Blank, e pretende ajudar na constru\u00e7\u00e3o de uma nova gera\u00e7\u00e3o de leitores Sarah Bichara Vit\u00f3ria \/ Rede Gazeta A \u00faltima segunda-feira, dia 12 de abril, foi para o escritor Romulo Felippe um dos momentos mais importantes de&hellip;","amp_enabled":true,"_links":{"self":[{"href":"https:\/\/romulofelippe.com\/index.php?rest_route=\/wp\/v2\/posts\/1404","targetHints":{"allow":["GET"]}}],"collection":[{"href":"https:\/\/romulofelippe.com\/index.php?rest_route=\/wp\/v2\/posts"}],"about":[{"href":"https:\/\/romulofelippe.com\/index.php?rest_route=\/wp\/v2\/types\/post"}],"author":[{"embeddable":true,"href":"https:\/\/romulofelippe.com\/index.php?rest_route=\/wp\/v2\/users\/1"}],"replies":[{"embeddable":true,"href":"https:\/\/romulofelippe.com\/index.php?rest_route=%2Fwp%2Fv2%2Fcomments&post=1404"}],"version-history":[{"count":2,"href":"https:\/\/romulofelippe.com\/index.php?rest_route=\/wp\/v2\/posts\/1404\/revisions"}],"predecessor-version":[{"id":1408,"href":"https:\/\/romulofelippe.com\/index.php?rest_route=\/wp\/v2\/posts\/1404\/revisions\/1408"}],"wp:featuredmedia":[{"embeddable":true,"href":"https:\/\/romulofelippe.com\/index.php?rest_route=\/wp\/v2\/media\/1406"}],"wp:attachment":[{"href":"https:\/\/romulofelippe.com\/index.php?rest_route=%2Fwp%2Fv2%2Fmedia&parent=1404"}],"wp:term":[{"taxonomy":"category","embeddable":true,"href":"https:\/\/romulofelippe.com\/index.php?rest_route=%2Fwp%2Fv2%2Fcategories&post=1404"},{"taxonomy":"post_tag","embeddable":true,"href":"https:\/\/romulofelippe.com\/index.php?rest_route=%2Fwp%2Fv2%2Ftags&post=1404"}],"curies":[{"name":"wp","href":"https:\/\/api.w.org\/{rel}","templated":true}]}}