{"id":1418,"date":"2021-06-25T12:23:52","date_gmt":"2021-06-25T15:23:52","guid":{"rendered":"https:\/\/romulofelippe.com\/?p=1418"},"modified":"2021-06-25T12:34:32","modified_gmt":"2021-06-25T15:34:32","slug":"o-farol-e-a-tempestade-e-uma-obra-que-nos-chama-a-atencao-imediatamente","status":"publish","type":"post","link":"https:\/\/romulofelippe.com\/?p=1418","title":{"rendered":"\u201cO Farol e a Tempestade \u00e9 uma obra que nos chama a aten\u00e7\u00e3o\u201d"},"content":{"rendered":"<h2><strong>Escritora e presidente da Academia de Letras analisa, em linda resenha, o romance de Romulo Felippe<\/strong><\/h2>\n<p>&nbsp;<\/p>\n<p><strong>Ester Abreu Vieira de Oliveira<\/strong><\/p>\n<p><strong>&#8211; presidente da Academia Esp\u00edrito-santense de Letras (AEL)<\/strong><\/p>\n<p><strong>Vit\u00f3ria, ES<\/strong><\/p>\n<p>&nbsp;<\/p>\n<p>\u201cO Farol e a Tempestade\u00a0 \u00e9 uma obra que nos chama a aten\u00e7\u00e3o\u00a0 imediatamente pela capa dominando tons azulados, com luzes espelhadas num c\u00e9u azul e a imagem de um monumento: um farol.<\/p>\n<p>Dentro, folheando, mais imagens. E um farolzinho nas bordas das p\u00e1ginas. Todo esse exterior agrada. Papel, textura e letras claras. A imagem da capa nos leva a sonhar com o mar e as diversas hist\u00f3rias que envolvem a sua magnitude: piratas, aventuras, descobertas, ilhas, vida mar\u00edtima.<\/p>\n<p>A palavra tempestade proporciona rever um mundo g\u00f3tico de fantasmas, de abandono, do passado, de desespero, tr\u00e1gicas aventuras&#8230; \u00c9 uma hist\u00f3ria realista? Ela nos parece pelas imagens que vai estar dentro da t\u00e9cnica do fant\u00e1stico pelas palavras que titulam a obra.<\/p>\n<p>E a obra em si \u00e9 agrad\u00e1vel se pergunta quando, nas primeiras p\u00e1ginas, um escritor se duplica num s\u00f3cio e prenuncia um suic\u00eddio. Vai ser apraz\u00edvel a leitura? Haver\u00e1 tens\u00e3o? Inquietos questionamentos!<\/p>\n<p>\u00c9 de agrad\u00e1vel e descansada leitura O Farol e a Tempestade n\u00e3o traz novidade ou reformas de t\u00e9cnicas p\u00f3s-modernas em seu estilo claro, com precisos detalhes descritivos e equilibrados per\u00edodos; informa\u00e7\u00f5es sucintas. Sejam elas de enfermidades, comportamentos humanos ou acidentes geogr\u00e1ficos, instigando a continuar na leitura, a n\u00e3o parar.<\/p>\n<p>A obra apresenta uma linguagem simples, jornal\u00edstica pelos detalhes, clareza das informa\u00e7\u00f5es e indica um pesquisador. O enredo intrigante fez-me lembrar os livros de MDLI, que apanhava na biblioteca da igreja e devorava. Eram os lidos em minha juventude, varando a noite, pelo ambiente e pelos envolventes personagens (o escritor e a fot\u00f3grafa). Duas profiss\u00f5es que s\u00e3o alma brilhante da obra refletidas nas imagens precisas.<\/p>\n<p>O que h\u00e1 de pessoal nessa fantasia romanesca?&#8221;<\/p>\n<p>&nbsp;<\/p>\n<p>&nbsp;<\/p>\n","protected":false},"excerpt":{"rendered":"<p>Escritora e presidente da Academia de Letras analisa, em linda resenha, o romance de Romulo Felippe &nbsp; Ester Abreu Vieira de Oliveira &#8211; presidente da Academia Esp\u00edrito-santense de Letras (AEL) Vit\u00f3ria, ES &nbsp; \u201cO Farol e a Tempestade\u00a0 \u00e9 uma obra que nos chama a aten\u00e7\u00e3o\u00a0 imediatamente pela capa dominando tons azulados, com luzes espelhadas [&hellip;]<\/p>\n","protected":false},"author":1,"featured_media":1420,"comment_status":"open","ping_status":"open","sticky":false,"template":"","format":"standard","meta":{"_uag_custom_page_level_css":"","footnotes":""},"categories":[5],"tags":[],"class_list":["post-1418","post","type-post","status-publish","format-standard","has-post-thumbnail","hentry","category-resenhas"],"uagb_featured_image_src":{"full":["https:\/\/romulofelippe.com\/wp-content\/uploads\/2021\/06\/IMG_1980-scaled.jpg",2086,2560,false],"thumbnail":["https:\/\/romulofelippe.com\/wp-content\/uploads\/2021\/06\/IMG_1980-150x150.jpg",150,150,true],"medium":["https:\/\/romulofelippe.com\/wp-content\/uploads\/2021\/06\/IMG_1980-244x300.jpg",244,300,true],"medium_large":["https:\/\/romulofelippe.com\/wp-content\/uploads\/2021\/06\/IMG_1980-768x942.jpg",740,908,true],"large":["https:\/\/romulofelippe.com\/wp-content\/uploads\/2021\/06\/IMG_1980-835x1024.jpg",740,907,true],"1536x1536":["https:\/\/romulofelippe.com\/wp-content\/uploads\/2021\/06\/IMG_1980-1252x1536.jpg",1252,1536,true],"2048x2048":["https:\/\/romulofelippe.com\/wp-content\/uploads\/2021\/06\/IMG_1980-1669x2048.jpg",1669,2048,true],"post-thumbnail":["https:\/\/romulofelippe.com\/wp-content\/uploads\/2021\/06\/IMG_1980-1000x600.jpg",1000,600,true],"mvp-post-thumb":["https:\/\/romulofelippe.com\/wp-content\/uploads\/2021\/06\/IMG_1980-1000x600.jpg",1000,600,true],"mvp-port-thumb":["https:\/\/romulofelippe.com\/wp-content\/uploads\/2021\/06\/IMG_1980-560x600.jpg",560,600,true],"mvp-large-thumb":["https:\/\/romulofelippe.com\/wp-content\/uploads\/2021\/06\/IMG_1980-590x354.jpg",590,354,true],"mvp-mid-thumb":["https:\/\/romulofelippe.com\/wp-content\/uploads\/2021\/06\/IMG_1980-400x240.jpg",400,240,true],"mvp-small-thumb":["https:\/\/romulofelippe.com\/wp-content\/uploads\/2021\/06\/IMG_1980-80x80.jpg",80,80,true],"mailpoet_newsletter_max":["https:\/\/romulofelippe.com\/wp-content\/uploads\/2021\/06\/IMG_1980-scaled.jpg",1320,1620,false],"woocommerce_thumbnail":["https:\/\/romulofelippe.com\/wp-content\/uploads\/2021\/06\/IMG_1980-scaled-300x300.jpg",300,300,true],"woocommerce_single":["https:\/\/romulofelippe.com\/wp-content\/uploads\/2021\/06\/IMG_1980-scaled.jpg",600,736,false],"woocommerce_gallery_thumbnail":["https:\/\/romulofelippe.com\/wp-content\/uploads\/2021\/06\/IMG_1980-scaled-100x100.jpg",100,100,true]},"uagb_author_info":{"display_name":"Assessoria de Imprensa","author_link":"https:\/\/romulofelippe.com\/?author=1"},"uagb_comment_info":8,"uagb_excerpt":"Escritora e presidente da Academia de Letras analisa, em linda resenha, o romance de Romulo Felippe &nbsp; Ester Abreu Vieira de Oliveira &#8211; presidente da Academia Esp\u00edrito-santense de Letras (AEL) Vit\u00f3ria, ES &nbsp; \u201cO Farol e a Tempestade\u00a0 \u00e9 uma obra que nos chama a aten\u00e7\u00e3o\u00a0 imediatamente pela capa dominando tons azulados, com luzes espelhadas&hellip;","amp_enabled":true,"_links":{"self":[{"href":"https:\/\/romulofelippe.com\/index.php?rest_route=\/wp\/v2\/posts\/1418","targetHints":{"allow":["GET"]}}],"collection":[{"href":"https:\/\/romulofelippe.com\/index.php?rest_route=\/wp\/v2\/posts"}],"about":[{"href":"https:\/\/romulofelippe.com\/index.php?rest_route=\/wp\/v2\/types\/post"}],"author":[{"embeddable":true,"href":"https:\/\/romulofelippe.com\/index.php?rest_route=\/wp\/v2\/users\/1"}],"replies":[{"embeddable":true,"href":"https:\/\/romulofelippe.com\/index.php?rest_route=%2Fwp%2Fv2%2Fcomments&post=1418"}],"version-history":[{"count":3,"href":"https:\/\/romulofelippe.com\/index.php?rest_route=\/wp\/v2\/posts\/1418\/revisions"}],"predecessor-version":[{"id":1423,"href":"https:\/\/romulofelippe.com\/index.php?rest_route=\/wp\/v2\/posts\/1418\/revisions\/1423"}],"wp:featuredmedia":[{"embeddable":true,"href":"https:\/\/romulofelippe.com\/index.php?rest_route=\/wp\/v2\/media\/1420"}],"wp:attachment":[{"href":"https:\/\/romulofelippe.com\/index.php?rest_route=%2Fwp%2Fv2%2Fmedia&parent=1418"}],"wp:term":[{"taxonomy":"category","embeddable":true,"href":"https:\/\/romulofelippe.com\/index.php?rest_route=%2Fwp%2Fv2%2Fcategories&post=1418"},{"taxonomy":"post_tag","embeddable":true,"href":"https:\/\/romulofelippe.com\/index.php?rest_route=%2Fwp%2Fv2%2Ftags&post=1418"}],"curies":[{"name":"wp","href":"https:\/\/api.w.org\/{rel}","templated":true}]}}