{"id":1852,"date":"2023-02-23T10:17:05","date_gmt":"2023-02-23T13:17:05","guid":{"rendered":"https:\/\/romulofelippe.com\/?p=1852"},"modified":"2024-08-19T15:19:47","modified_gmt":"2024-08-19T18:19:47","slug":"daflon-uma-trama-complexa-e-dolorosa-que-nos-mareja-os-olhos","status":"publish","type":"post","link":"https:\/\/romulofelippe.com\/?p=1852","title":{"rendered":"Daflon sobre o drama de guerra: &#8220;uma trama complexa e dolorosa que nos mareja os olhos&#8221;"},"content":{"rendered":"<h3><strong>Segundo ensa\u00edsta, membro da Academia Brasileira de M\u00e9dicos Escritores, \u00a0<\/strong><strong>\u201ca poesia da prosa no romance de Romulo Felippe nos remete, comovidamente, \u00e0 grandeza dos seres humanos\u201d<\/strong><\/h3>\n<p><em>por <strong>F\u00e1bio Daflon<\/strong> (escritor, ensa\u00edsta e m\u00e9dico); membro da Academia Brasileira de M\u00e9dicos Escritores\u00a0<\/em><\/p>\n<p>&#8220;Romulo Felippe \u00e9 jornalista e escritor, ocupa a cadeira 9 da Academia Esp\u00edrito-Santense de Letras. \u00c9 autor dos livros Monge Guerreiro, uma fantasia medieval publicada em portugu\u00eas, ingl\u00eas e italiano (2018); Reino dos morcegos, uma fantasia juvenil (2018); O Farol e a Tempestade, romance (2019). Publicou tamb\u00e9m os livros Quando entrevistei Jesus, sobre uma Jornada na Terra Santa (2022); Mundos incr\u00edveis al\u00e9m do nosso (2022); O Fogo Eterno do Drag\u00e3o (2022). Participou tamb\u00e9m da colet\u00e2nea portuguesa Entre Monstros e Drag\u00f5es. Durante a pandemia come\u00e7ou a produ\u00e7\u00e3o de O Lanceiro Romano para o mercado italiano.<\/p>\n<p>A guerra n\u00e3o \u00e9 met\u00e1fora, mas in\u00fameras vezes, na literatura, no cinema e no teatro a guerra suscitou textos e roteiros, \u00e0s vezes tendo como pano de fundo o amor e seu etos. Tratamos aqui de pensar e sentir os dramas contidos no romance P\u00e1ssaros negros na neve, de Romulo Felippe, ambientado nas cordilheiras das Dolomitas, norte da It\u00e1lia, onde vivia a fam\u00edlia Domenichelli, composta por Giorgio \u2013 o pai e ex-combatente da Primeira Grande Guerra (PGG), e Fridda \u2013 a m\u00e3e \u2013 de Gianna Domenichelli, no dia em que completava dezesseis anos, durante a Segunda Grande Guerra (SGG), no ano de mil novecentos e quarenta e tr\u00eas. O livro nos mareja os olhos por causa da amorosidade dos seus personagens.<\/p>\n<p>O t\u00edtulo P\u00e1ssaros negros na neve se refere, inicialmente, \u00e0s gralhas,\u00a0 esvoa\u00e7antes no entorno do s\u00edtio Picollo Cielo, casa dos Domenichelli, lugar algo distante das batalhas campais, no qual se vivia com relativa tranquilidade, antes da queda de ca\u00e7a da\u00a0 Luftwaffe causada pelo piloto austr\u00edaco Hans Maximilian Hoffman, convocado contra a sua vontade pelas for\u00e7as armadas alem\u00e3s, simulando uma pane de motor do ca\u00e7a, quando na verdade abrira o tanque de combust\u00edvel, a fim de evitar o cumprimento da miss\u00e3o de assassinar vinte e oito judeus, sem saber que isso traria consequ\u00eancias tr\u00e1gicas para aquela fam\u00edlia italiana.<\/p>\n<p>Porque, involuntariamente, levou ao local um grupamento nazista de sete homens comandados pelo major Friederich Fisher: sargento-chefe Kraus, primeiro-cabo Kr\u00fcger e os soldados M\u00fcller, Becker e Lange, que terminou por assassinar o pai de Gianna, obrigando Fridda a fazer uma refei\u00e7\u00e3o para todos, depois de terem perpetrado um estupro coletivo contra Gianna, obrigando-a a descer ao por\u00e3o, tendo sido o piloto o \u00faltimo da fila a provocar os gritos da mo\u00e7a, Das Bergm\u00e4dchen, a garota das montanhas, como chamou-a o major Fisher, tamb\u00e9m ex-combatente da PGG perdida pelos alem\u00e3es.<\/p>\n<p>Estupro gerador duma filha, Emma Domenichelli, muito tempo antes da possiblidade do teste do DNA, que come\u00e7ou a ser realizado nos anos oitenta do s\u00e9culo vinte. Estupro no qual, provavelmente, contraiu e incubou uma tuberculose, apesar do seu viver isolado.<\/p>\n<p>Nos primeiros cap\u00edtulos:\u00a0 O Gigante que devora os filhotes, As flores, As gralhas e a alcateia, As guerras que habitam nossas almas e P\u00e1ssaros negros na neves, est\u00e3o contidas as revela\u00e7\u00f5es sobre como Gianna e Maximiliano sobreviveram aos tedescos, mesmo ap\u00f3s a morte de Giorgio e de Fridda.<\/p>\n<p>Fatos todos relatados minuciosamente no di\u00e1rio de Gianna, ao qual Emma n\u00e3o ter\u00e1 acesso at\u00e9 \u00e0 morte de seu pai Maximiliano Domenichelli, que assumiu as fun\u00e7\u00f5es de campon\u00eas criador de ovelhas produtoras de l\u00e3, depois de Giorgio, para viver com a \u00f3rf\u00e3 Emma, entre ovelhas, lobos e gralhas, dentro da bela paisagem das Dolomitas por cerca de tr\u00eas d\u00e9cadas.<\/p>\n<p>Depois dos primeiros cap\u00edtulos citados, o texto nos remete \u00e0 d\u00e9cada de setenta, \u00e0s suas refer\u00eancias culturais e ao passado mais recente de Emma, dez anos atr\u00e1s nos anos sessenta, quando fazia faculdade de veterin\u00e1ria, curso n\u00e3o conclu\u00eddo, mas que a levou a conhecer Dominik, Dom para os \u00edntimos. Ocasi\u00e3o em que houve um flerte entre ambos, Emma e Dominik, \u2013 o bastante para que nunca deixassem de se amar.<\/p>\n<p>O piloto Dom, na verdade, queria ir \u00e0s Dolomitas para resgatar os fatos circunstantes \u00e0 queda do avi\u00e3o de seu pai, achar o avi\u00e3o nazista e saber toda a verdade. N\u00e3o foi sozinho a essa miss\u00e3o, levara consigo Amelie com quem tinha uma rela\u00e7\u00e3o aberta, que n\u00e3o durou mais depois do encontro de Emma e Dom, quando fizeram amor.<\/p>\n<p>Sem saber nada sobre a hist\u00f3ria de como foi gerada, Emma encontra Dom; sem saber nada sobre a verdadeira hist\u00f3ria de seu pai, Dom encontra Emma. Ele se torna amigo do pai de Emma. Emma se torna amiga de Amelie, que se apaixona pelo sargento Giuseppe, um carabineiro. H\u00e1 uma ciranda amorosa. Dom conversa apenas com Giuseppe sobre um dos motivos pelos quais quer ir \u00e0s Dolomitas.<\/p>\n<p>\u00c9 quando Emma e Dominik podem descer ao por\u00e3o e resgatar o di\u00e1rio mantido por Gianna Domenicheli, no qual s\u00e3o revelados todos os mist\u00e9rios. Indo al\u00e9m da leitura do di\u00e1rio da m\u00e3e, a filha decide procurar seu tio Andreas, o partigiano, que reconhecera o bom car\u00e1ter do pai adotivo ou biol\u00f3gico de Emma, viagem que resultar\u00e1 na leitura de uma carta por Gianna.<\/p>\n<p>A trama \u00e9 complexa e dolorosa.<\/p>\n<p>Tecida a trama, falaremos daqui a pouco dos deuterogonistas. Mas, antes, \u00e9 esclarecedor dizer que Gianna, com seu di\u00e1rio, \u00e9 protagonista e narradora, que o livro tem v\u00e1rios protagonistas al\u00e9m de Gianna, que o autor intermeia sua pr\u00f3pria narrativa com a narrativa existente no di\u00e1rio, que Maximiliano, Emma e Dom protagonizam o livro tanto quanto a Gianna narradora, que com a leitura do di\u00e1rio pela filha e por seu namorado retoma protagonismo na elucida\u00e7\u00e3o dos fatos, n\u00e3o s\u00f3 por causa do di\u00e1rio, mas tamb\u00e9m por uma correspond\u00eancia epistolar para seu irm\u00e3o Andreas \u2013 o partigiano.<\/p>\n<p>Entre os personagens tamb\u00e9m h\u00e1 o c\u00e3o s\u00e3o Bernardo Alfie, Killian, o falc\u00e3o de Dom, os lobos, as gralhas e a cordilheira das Dolomitas, entre outras refer\u00eancias topon\u00edmicas. O dom\u00ednio do autor sobre a geografia dos fatos \u00e9 interessante e mostra a viv\u00eancia ou a pesquisa sobre a \u00e1rea.<\/p>\n<p>Com exce\u00e7\u00e3o de Killian, falc\u00e3o cuja asa lesada impede-o de voar, todos os personagens t\u00eam participa\u00e7\u00e3o direta na trama. Killian, cuja les\u00e3o na asa foi tratada com gordura de ovelhas recomendada por Maximiliano se recupera e voa ao fim da hist\u00f3ria. Voo que simboliza a supera\u00e7\u00e3o do trauma. Fim que nos remete \u00e0 grandeza dos seres humanos da fam\u00edlia Hoffman e Domenichelli.<\/p>\n<p>A poesia da prosa no romance P\u00e1ssaros negros na neve nos remete, comovidamente, \u00e0 tal grandeza.\u00a0E n\u00e3o s\u00f3 \u00e0 grandeza do amor, pois h\u00e1 tamb\u00e9m a\u00a0 religiosidade\u00a0 dos\u00a0 personagens\u00a0 principais,\u00a0 representativa\u00a0 da\u00a0 ess\u00eancia\u00a0 n\u00e3o apenas em seu sentido m\u00edstico, tantas vezes equivocado, porque durante toda a narra\u00e7\u00e3o do livro h\u00e1 a dignidade do tratamento invulgar conferido pelos membros da fam\u00edlia uns aos outros, e a vingan\u00e7a acontecida no livro contra os tedescos adveio da necessidade de autodefesa, n\u00e3o havendo nada mais ardiloso do que o envenenamento,\u00a0 como\u00a0 o\u00a0 acontecido\u00a0 contra\u00a0 aqueles\u00a0 que\u00a0 ca\u00edram\u00a0 do\u00a0 c\u00e9u,\u00a0 antes poupados\u00a0 at\u00e9\u00a0 mesmo\u00a0 pelos\u00a0 senhores\u00a0 da\u00a0 guerra.\u00a0 Na verdade,\u00a0 desculpem\u00a0 a redund\u00e2ncia,\u00a0 a\u00a0 busca\u00a0 da\u00a0 verdade\u00a0 para\u00a0 supera\u00e7\u00e3o\u00a0 da\u00a0 dor\u00a0 se\u00a0 d\u00e1\u00a0 sem\u00a0 que\u00a0 os personagens em nenhum momento tenham perdido a sua ess\u00eancia boa, sem a qual \u00e9 imposs\u00edvel, cremos nisso, a supera\u00e7\u00e3o de qualquer adversidade.<\/p>\n<p>Ler livro t\u00e3o bom exige perspic\u00e1cia e conhecimento hist\u00f3rico acerca da Segunda Grande Guerra e dos anos setenta do s\u00e9culo XX. \u00c9 muito interessante como o autor\u00a0 nos\u00a0 fala\u00a0 dos\u00a0 armamentos\u00a0 e\u00a0 dos\u00a0 vestu\u00e1rios\u00a0 dos\u00a0 nazistas\u00a0 e\u00a0 do\u00a0 tempo\u00a0 da guerra da perspectiva de uma fam\u00edlia que tentou se isolar do conflito; cita\u00e7\u00f5es das m\u00fasicas dos Beatles s\u00e3o uma das del\u00edcias do texto, h\u00e1 tamb\u00e9m a cita\u00e7\u00e3o do relacionamento aberto entre Dom e Amelie, algo em voga nos anos setenta. O leitor\u00a0 compartilha\u00a0 de\u00a0 todas\u00a0 as\u00a0 ang\u00fastias\u00a0 desenhadas\u00a0 no\u00a0 texto,\u00a0 o\u00a0 quadro completo vai se esbo\u00e7ando aos poucos. Existe a distra\u00e7\u00e3o que \u00e9 perda de tempo.<\/p>\n<p>H\u00e1 a leitura que \u00e9 perda de tempo! N\u00e3o \u00e9 o caso de P\u00e1ssaros negros na neve, cujo\u00a0\u00a0 conte\u00fado\u00a0\u00a0 vale\u00a0\u00a0 a\u00a0\u00a0 pena\u00a0\u00a0 conferir\u00a0\u00a0 n\u00e3o\u00a0\u00a0 s\u00f3\u00a0\u00a0 pelo\u00a0\u00a0 bom\u00a0\u00a0 vern\u00e1culo,\u00a0\u00a0 mas principalmente pelo exerc\u00edcio da intelig\u00eancia na percep\u00e7\u00e3o de que nada acontece de gra\u00e7a, pois durante todo o texto v\u00e3o se formando elos cada vez mais tang\u00edveis entre\u00a0 os\u00a0 personagens\u00a0 e\u00a0 os\u00a0 fatos,\u00a0 entre\u00a0 as\u00a0 a\u00e7\u00f5es\u00a0 e\u00a0 as\u00a0 consequ\u00eancias,\u00a0 entre\u00a0 as rea\u00e7\u00f5es\u00a0 e\u00a0 as\u00a0 consequ\u00eancias\u00a0 e\u00a0 tamb\u00e9m\u00a0 entre\u00a0 as\u00a0 omiss\u00f5es\u00a0 e\u00a0 as\u00a0 consequ\u00eancias, isto \u00e9, o sigilo guardado por Maximiliano relativo \u00e0 revela\u00e7\u00e3o das circunst\u00e2ncias em que sua filha (filha?) foi gerada, omiss\u00e3o motivada por cuidado amoroso.<\/p>\n<p>P\u00e1ssaros negros na neve \u00e9 um romance de amor, livro do amor real insofism\u00e1vel, e, sem colocarmos em segundo plano a hist\u00f3ria, podemos afirmar que o maior legado obtido\u00a0 pelo\u00a0 leitor,\u00a0 ao fim\u00a0 da\u00a0leitura,\u00a0 \u00e9\u00a0 o\u00a0 do\u00a0 sentimento\u00a0 amoroso\u00a0 que\u00a0 o texto provoca. Trata-se do amor que n\u00e3o se deixa frustrar, apesar de ambientado em um dos piores momentos da hist\u00f3ria da humanidade.<\/p>\n<p>&nbsp;<\/p>\n","protected":false},"excerpt":{"rendered":"<p>Segundo ensa\u00edsta, membro da Academia Brasileira de M\u00e9dicos Escritores, \u00a0\u201ca poesia da prosa no romance de Romulo Felippe nos remete, comovidamente, \u00e0 grandeza dos seres humanos\u201d por F\u00e1bio Daflon (escritor, ensa\u00edsta e m\u00e9dico); membro da Academia Brasileira de M\u00e9dicos Escritores\u00a0 &#8220;Romulo Felippe \u00e9 jornalista e escritor, ocupa a cadeira 9 da Academia Esp\u00edrito-Santense de Letras. [&hellip;]<\/p>\n","protected":false},"author":1,"featured_media":1855,"comment_status":"open","ping_status":"open","sticky":false,"template":"","format":"standard","meta":{"_uag_custom_page_level_css":"","footnotes":""},"categories":[3],"tags":[],"class_list":["post-1852","post","type-post","status-publish","format-standard","has-post-thumbnail","hentry","category-literatura"],"uagb_featured_image_src":{"full":["https:\/\/romulofelippe.com\/wp-content\/uploads\/2023\/02\/PHOTO-2022-12-15-20-09-44.jpg",1600,1200,false],"thumbnail":["https:\/\/romulofelippe.com\/wp-content\/uploads\/2023\/02\/PHOTO-2022-12-15-20-09-44-150x150.jpg",150,150,true],"medium":["https:\/\/romulofelippe.com\/wp-content\/uploads\/2023\/02\/PHOTO-2022-12-15-20-09-44-300x225.jpg",300,225,true],"medium_large":["https:\/\/romulofelippe.com\/wp-content\/uploads\/2023\/02\/PHOTO-2022-12-15-20-09-44-768x576.jpg",740,555,true],"large":["https:\/\/romulofelippe.com\/wp-content\/uploads\/2023\/02\/PHOTO-2022-12-15-20-09-44-1024x768.jpg",740,555,true],"1536x1536":["https:\/\/romulofelippe.com\/wp-content\/uploads\/2023\/02\/PHOTO-2022-12-15-20-09-44-1536x1152.jpg",1536,1152,true],"2048x2048":["https:\/\/romulofelippe.com\/wp-content\/uploads\/2023\/02\/PHOTO-2022-12-15-20-09-44.jpg",1600,1200,false],"post-thumbnail":["https:\/\/romulofelippe.com\/wp-content\/uploads\/2023\/02\/PHOTO-2022-12-15-20-09-44-1000x600.jpg",1000,600,true],"mvp-post-thumb":["https:\/\/romulofelippe.com\/wp-content\/uploads\/2023\/02\/PHOTO-2022-12-15-20-09-44-1000x600.jpg",1000,600,true],"mvp-port-thumb":["https:\/\/romulofelippe.com\/wp-content\/uploads\/2023\/02\/PHOTO-2022-12-15-20-09-44-560x600.jpg",560,600,true],"mvp-large-thumb":["https:\/\/romulofelippe.com\/wp-content\/uploads\/2023\/02\/PHOTO-2022-12-15-20-09-44-590x354.jpg",590,354,true],"mvp-mid-thumb":["https:\/\/romulofelippe.com\/wp-content\/uploads\/2023\/02\/PHOTO-2022-12-15-20-09-44-400x240.jpg",400,240,true],"mvp-small-thumb":["https:\/\/romulofelippe.com\/wp-content\/uploads\/2023\/02\/PHOTO-2022-12-15-20-09-44-80x80.jpg",80,80,true],"mailpoet_newsletter_max":["https:\/\/romulofelippe.com\/wp-content\/uploads\/2023\/02\/PHOTO-2022-12-15-20-09-44-1320x990.jpg",1320,990,true],"woocommerce_thumbnail":["https:\/\/romulofelippe.com\/wp-content\/uploads\/2023\/02\/PHOTO-2022-12-15-20-09-44-300x300.jpg",300,300,true],"woocommerce_single":["https:\/\/romulofelippe.com\/wp-content\/uploads\/2023\/02\/PHOTO-2022-12-15-20-09-44-600x450.jpg",600,450,true],"woocommerce_gallery_thumbnail":["https:\/\/romulofelippe.com\/wp-content\/uploads\/2023\/02\/PHOTO-2022-12-15-20-09-44-100x100.jpg",100,100,true]},"uagb_author_info":{"display_name":"Assessoria de Imprensa","author_link":"https:\/\/romulofelippe.com\/?author=1"},"uagb_comment_info":21,"uagb_excerpt":"Segundo ensa\u00edsta, membro da Academia Brasileira de M\u00e9dicos Escritores, \u00a0\u201ca poesia da prosa no romance de Romulo Felippe nos remete, comovidamente, \u00e0 grandeza dos seres humanos\u201d por F\u00e1bio Daflon (escritor, ensa\u00edsta e m\u00e9dico); membro da Academia Brasileira de M\u00e9dicos Escritores\u00a0 &#8220;Romulo Felippe \u00e9 jornalista e escritor, ocupa a cadeira 9 da Academia Esp\u00edrito-Santense de Letras.&hellip;","amp_enabled":true,"_links":{"self":[{"href":"https:\/\/romulofelippe.com\/index.php?rest_route=\/wp\/v2\/posts\/1852","targetHints":{"allow":["GET"]}}],"collection":[{"href":"https:\/\/romulofelippe.com\/index.php?rest_route=\/wp\/v2\/posts"}],"about":[{"href":"https:\/\/romulofelippe.com\/index.php?rest_route=\/wp\/v2\/types\/post"}],"author":[{"embeddable":true,"href":"https:\/\/romulofelippe.com\/index.php?rest_route=\/wp\/v2\/users\/1"}],"replies":[{"embeddable":true,"href":"https:\/\/romulofelippe.com\/index.php?rest_route=%2Fwp%2Fv2%2Fcomments&post=1852"}],"version-history":[{"count":10,"href":"https:\/\/romulofelippe.com\/index.php?rest_route=\/wp\/v2\/posts\/1852\/revisions"}],"predecessor-version":[{"id":2058,"href":"https:\/\/romulofelippe.com\/index.php?rest_route=\/wp\/v2\/posts\/1852\/revisions\/2058"}],"wp:featuredmedia":[{"embeddable":true,"href":"https:\/\/romulofelippe.com\/index.php?rest_route=\/wp\/v2\/media\/1855"}],"wp:attachment":[{"href":"https:\/\/romulofelippe.com\/index.php?rest_route=%2Fwp%2Fv2%2Fmedia&parent=1852"}],"wp:term":[{"taxonomy":"category","embeddable":true,"href":"https:\/\/romulofelippe.com\/index.php?rest_route=%2Fwp%2Fv2%2Fcategories&post=1852"},{"taxonomy":"post_tag","embeddable":true,"href":"https:\/\/romulofelippe.com\/index.php?rest_route=%2Fwp%2Fv2%2Ftags&post=1852"}],"curies":[{"name":"wp","href":"https:\/\/api.w.org\/{rel}","templated":true}]}}