{"id":2044,"date":"2024-08-07T15:55:01","date_gmt":"2024-08-07T18:55:01","guid":{"rendered":"https:\/\/romulofelippe.com\/?p=2044"},"modified":"2024-08-07T15:58:18","modified_gmt":"2024-08-07T18:58:18","slug":"romulo-entrevista-carlos-nejar-o-imortal-da-academia-brasileira-de-letras","status":"publish","type":"post","link":"https:\/\/romulofelippe.com\/?p=2044","title":{"rendered":"Romulo entrevista Nejar, imortal da Academia Brasileira de Letras"},"content":{"rendered":"<h3><strong>\u201cNossa literatura \u00e9 uma das <\/strong><strong>mais poderosas do mundo\u201d.\u00a0<\/strong><strong>Membro da AEL e da ABL, Carlos Nejar ecoa sua voz em defesa do escritor brasileiro<\/strong><\/h3>\n<p><em>Romulo Felippe \/\u00a0Cadeira 09 da Academia Esp\u00edrito-santense de Letras &#8211; revista Folha Liter\u00e1ria<\/em><\/p>\n<p><em>Embora nascido em Porto Alegre, em 11 de janeiro de 1939, as ra\u00edzes do cora\u00e7\u00e3o de Luiz Carlos Verzoni Nejar est\u00e3o fincadas em terras capixabas. Afinal, viveu anos dos mais felizes em seu Paiol da Aurora, em Guarapari. Membro da cadeira 16 da Academia Esp\u00edrito-santense de Letras, e ocupante da cadeira 04 da Academia Brasileira de Letas \u2013 ambas institui\u00e7\u00f5es centen\u00e1rias \u2013, Carlos Nejar \u00e9 uma das mentes liter\u00e1rias mais brilhantes do pa\u00eds.\u00a0 N\u00e3o \u00e0 toa \u00e9 considerado um dos trinta e sete escritores-chave do s\u00e9culo passado, entre trezentos autores memor\u00e1veis, compreendidos de 1890 a 1990, segundo ensaio do cr\u00edtico su\u00ed\u00e7o Gustav Siebenmann, Poes\u00eda y po\u00e9ticas del siglo XX en la Am\u00e9rica Hispanica y el Brasil (Ed. Gredos, Biblioteca Rom\u00e2ntica Hisp\u00e2nica, Madri,1997).<\/em><\/p>\n<p><em>Autor de um n\u00famero incont\u00e1vel de livros e honrado com diversos pr\u00eamios no Brasil e no mundo, al\u00e9m das v\u00e1rias indica\u00e7\u00f5es ao Nobel da Literatura, Nejar demonstra, nesta entrevista exclusiva para a <strong>folhaliter\u00e1ria.<\/strong>, que o autor brasileiro \u201cn\u00e3o deve nada ao mundo\u201d. Ele discerne sobre seu amor pela literatura, com forte influ\u00eancia paterna; sobre a honra de pertencer a duas academias t\u00e3o importantes no cen\u00e1rio nacional; e, entre outros temas abordados, responde se o livro existir\u00e1 daqui um s\u00e9culo: \u201cainda sou apegado ao livro impresso: posso toc\u00e1-lo, senti-lo\u201d, afirma. Por fim, o \u2018pampiano capixaba\u2019 nos presenteia contando uma passagem de sua amizade com o \u2018sabi\u00e1\u2019 da cr\u00f4nica brasileira, o cachoeirense Rubem Braga.<\/em><\/p>\n<p>&nbsp;<\/p>\n<p><strong>folhaliter\u00e1ria.: Como surgiu a paix\u00e3o pela literatura?<\/strong><\/p>\n<p><strong>Carlos Nejar: <\/strong>N\u00e3o somos n\u00f3s que escolhemos a Poesia. Ela que nos escolhe. O mesmo\u00a0acontece com a cria\u00e7\u00e3o. Apenas quando estudava no Col\u00e9gio do Ros\u00e1rio a \u201cEneida\u201d, de Virg\u00edlio , ou a \u201cIl\u00edada\u201d, de Homero, admirava a forte \u00e9pica desses livros, lia, relia, como algo de que gostaria ter feito. Mas s\u00f3 criamos quando sabemos os nossos limites.<\/p>\n<p><strong>E a quem deve esse v\u00ednculo com os livros?<\/strong><\/p>\n<p>Devo ao meu pai Sady Nejar, que, apesar de comerciante de fazendas, cercou-me de uma biblioteca rica de autores como Shakespeare, Cam\u00f5es, Machado, J\u00falio Verne, E\u00e7a de Queiroz e outros. Ali descobri que as palavras t\u00eam mundo, percebi o seu amor. E as\u00a0palavras ent\u00e3o me amaram.<\/p>\n<p><strong>Com toda a sua viv\u00eancia, ao fitar o horizonte futur\u00edstico qual o papel que os livros desempenhar\u00e3o no dia de amanh\u00e3? Mais ainda: o livro impresso existir\u00e1 daqui um s\u00e9culo?<\/strong><\/p>\n<p>Ainda sou apegado ao livro impresso: posso toc\u00e1-lo, senti-lo. At\u00e9 para negar o livro impresso, publicar\u00e3o no papel. Mas com o tempo, continuar\u00e1 o livro eletr\u00f4nico, como instrumento de leitura, ocupando seu espa\u00e7o. O que importa mesmo \u00e9 a palavra e sua dura\u00e7\u00e3o.<\/p>\n<p><strong>Como incentivar e contribuir para a forma\u00e7\u00e3o de uma nova gera\u00e7\u00e3o de leitores e escritores?<\/strong><\/p>\n<p>Com a invas\u00e3o do celular e do computador, o leitor jovem ficou mais preso ao poder da imagem do que da palavra. Mas o caminho \u00e9 ler, para criar. N\u00e3o se cria sem a tradi\u00e7\u00e3o. Mas creio que, ap\u00f3s a covid, que nos prendeu em casa, vir\u00e1 necessariamente a necessidade da cultura, que se ampliar\u00e1 como escolha fundamental, mudando o pensamento e abrindo a clareira de muitos leitores em nova civiliza\u00e7\u00e3o.<\/p>\n<p><strong>Falando em Academia. Comecemos pela nossa casa, a AEL. Quando eleito, o que representou para a sua vida naqueles dias ocupar a cadeira 16 da nossa arc\u00e1dia centen\u00e1ria?<\/strong><\/p>\n<p>Foi uma alegria para mim, ao ser lembrado. Recordo que minha posse teve uma festa no pal\u00e1cio do nobre Governador do Estado, Albu\u00edno Azevedo. E fui saudado na Academia pelo grande saudoso Poeta, mineiro capixaba, Roberto Almada. Estava an\u00f4nimo em Vit\u00f3ria e me reconheceu na rua. Tinha sido leitor de meu livro \u201cMem\u00f3rias do Por\u00e3o\u201d.<\/p>\n<p><strong>Ali\u00e1s, tens um cora\u00e7\u00e3o enraizado no Esp\u00edrito Santo?\u00a0<\/strong><\/p>\n<p>Sim, sou um pampiano capixaba. O amor de Elza me levou do vento do Rio Grande ao do Esp\u00edrito Santo. Hoje, por iniciativa de um afei\u00e7oado amigo, Dr. Dayan \u00a0Rosa, foi fundado o Instituto Paiol da Aurora \u2013 Carlos Nejar, com um grupo generoso participante da diretoria, confirmando meu v\u00ednculo com esta terra, onde sou Cidad\u00e3o de Vit\u00f3ria, Cidad\u00e3o do Esp\u00edrito Santo, Cidad\u00e3o de Guarapari e da cidade de Roberto Carlos, Cachoeiro.<\/p>\n<p><strong>Qual \u00e9 a miss\u00e3o preponderante, hoje, da Academia Brasileira de Letras?<\/strong><\/p>\n<p>A miss\u00e3o da Casa de Machado \u00e9 a de defender a l\u00edngua e a literatura brasileira, bem como o que interessa culturalmente ao pa\u00eds, numa sociedade fraterna de escritores. Com publica\u00e7\u00e3o de livros, confer\u00eancias semanais, trabalhando a cria\u00e7\u00e3o contempor\u00e2nea.<\/p>\n<p><strong>Sobre suas indica\u00e7\u00f5es para a disputa do Nobel da Literatura. Como as recebeu?<\/strong><\/p>\n<p>Sim, recebi, h\u00e1 anos, v\u00e1rias indica\u00e7\u00f5es ao Nobel de Literatura, desde a dire\u00e7\u00e3o da cientista Maria Beltr\u00e3o, do Pen Clube do Brasil, \u00e0 Academia Brasileira de Filosofia, atrav\u00e9s do saudoso fil\u00f3sofo Ricardo Moderno e o atual Presidente, Edgar Filho, como pela Academia de Letras de Bras\u00edlia e tantas outras institui\u00e7\u00f5es do Brasil, Espanha e Fran\u00e7a. Recebi honrado todas as indica\u00e7\u00f5es, esperando com certeza de um dia o Brasil, com tantos escritores universais, pode ainda ser galardoado, o que ser\u00e1 poss\u00edvel s\u00f3 a Deus, considerando a pol\u00edtica que o bafeja e a concorr\u00eancia mundial. Mas no imposs\u00edvel n\u00e3o h\u00e1 concorr\u00eancia.<\/p>\n<p><strong>Por que ainda impera certo preconceito com o escritor brasileiro l\u00e1 fora? Ou h\u00e1 mercado para nossos autores contempor\u00e2neos?<\/strong><\/p>\n<p>O preconceito tamb\u00e9m \u00e9 nosso, um instinto de pequenez, ou supervaloriza\u00e7\u00e3o do Exterior. N\u00e3o devemos nada ao mundo, o Brasil \u00e9 um Continente e ainda, com o cansa\u00e7o europeu da guerra, seremos, n\u00e3o apenas pela nossa natureza, a Amaz\u00f4nia, lembrados e valorizados, mas por nossa literatura uma das mais altas e poderosas do mundo, sem o seu desgaste.<\/p>\n<p><strong>&#8230;qui\u00e7\u00e1 nomes tradicionais da nossa literatura!<\/strong><\/p>\n<p>Tivemos um Machado de Assis, Guimar\u00e3es Rosa, Cec\u00edlia Meireles, Drummond, Jorge de Lima, Jo\u00e3o Cabral, Erico Verissimo, Jorge Amado&#8230; O tempo do Brasil chegou e Deus \u00e9 justi\u00e7a. O mercado se abrir\u00e1, apesar do aparente isolamento do portugu\u00eas, a falta de conhecimento da l\u00edngua e da nossa cultura, tudo \u00e9 pol\u00edtico ou invis\u00edvel, depois vis\u00edvel. O mercado \u00e9 que ter\u00e1 interesse em nos reconhecer.<\/p>\n<p><strong>Uma mensagem para os capixabas e para os brasileiros.<\/strong><\/p>\n<p>Tudo acontece pela f\u00e9. N\u00e3o apenas a palavra, tamb\u00e9m os sonhos. A constru\u00e7\u00e3o \u00e9 no imposs\u00edvel que dorme apenas e h\u00e1 que acord\u00e1-lo. N\u00f3s devemos acreditar tanto nos\u00a0nossos fantasmas ou em nossas cria\u00e7\u00f5es, que o universo inteiro passar\u00e1 a acreditar<\/p>\n<p>neles.<\/p>\n<p>*<\/p>\n<p><strong>O PRESENTE INESPERADO DO BRAGA<\/strong><\/p>\n<p>\u201cRubem Braga foi meu amigo. Eu o conheci em S\u00e3o Paulo na entrega do Pr\u00eamio do Instituto Nacional do Livro, \u201cPr\u00eamio Jorge de Lima\u201d, que me foi outorgado em 1970. Convidou a visit\u00e1-lo no Rio e fui seu h\u00f3spede no quarto onde esteve Pablo Neruda e Jo\u00e3o Cabral. Ia almo\u00e7ar com ele, nas viagens do Rio Grande ao Rio. Um dia, na Editora Sabi\u00e1, com presen\u00e7a de Fernando Sabino, ao ver uma estatueta muito bela do Pr\u00eamio de grande Cronista que ele recebeu do Rio, ao elogi\u00e1-la, inesperadamente me alcan\u00e7ou a estatueta, dizendo: \u201cleva, \u00e9 tua. Como eu, \u00e9 muito quieta, mas muito amiga de seus<\/p>\n<p>amigos!\u201d. Eu agradeci, disse que s\u00f3 a tinha elogiado, mas Rubem insistiu como minha, diante do olhar espantado de Sabino. Ent\u00e3o a abracei, levando-a comigo, no carro, para minha casa em Porto Alegre\u201d (Carlos Nejar)<\/p>\n","protected":false},"excerpt":{"rendered":"<p>\u201cNossa literatura \u00e9 uma das mais poderosas do mundo\u201d.\u00a0Membro da AEL e da ABL, Carlos Nejar ecoa sua voz em defesa do escritor brasileiro Romulo Felippe \/\u00a0Cadeira 09 da Academia Esp\u00edrito-santense de Letras &#8211; revista Folha Liter\u00e1ria Embora nascido em Porto Alegre, em 11 de janeiro de 1939, as ra\u00edzes do cora\u00e7\u00e3o de Luiz Carlos [&hellip;]<\/p>\n","protected":false},"author":1,"featured_media":2047,"comment_status":"open","ping_status":"open","sticky":false,"template":"","format":"standard","meta":{"_uag_custom_page_level_css":"","footnotes":""},"categories":[6],"tags":[],"class_list":["post-2044","post","type-post","status-publish","format-standard","has-post-thumbnail","hentry","category-entrevistas"],"uagb_featured_image_src":{"full":["https:\/\/romulofelippe.com\/wp-content\/uploads\/2024\/08\/IMG_1210.jpg",828,618,false],"thumbnail":["https:\/\/romulofelippe.com\/wp-content\/uploads\/2024\/08\/IMG_1210-150x150.jpg",150,150,true],"medium":["https:\/\/romulofelippe.com\/wp-content\/uploads\/2024\/08\/IMG_1210-300x224.jpg",300,224,true],"medium_large":["https:\/\/romulofelippe.com\/wp-content\/uploads\/2024\/08\/IMG_1210-768x573.jpg",740,552,true],"large":["https:\/\/romulofelippe.com\/wp-content\/uploads\/2024\/08\/IMG_1210.jpg",740,552,false],"1536x1536":["https:\/\/romulofelippe.com\/wp-content\/uploads\/2024\/08\/IMG_1210.jpg",828,618,false],"2048x2048":["https:\/\/romulofelippe.com\/wp-content\/uploads\/2024\/08\/IMG_1210.jpg",828,618,false],"post-thumbnail":["https:\/\/romulofelippe.com\/wp-content\/uploads\/2024\/08\/IMG_1210-828x600.jpg",828,600,true],"mvp-post-thumb":["https:\/\/romulofelippe.com\/wp-content\/uploads\/2024\/08\/IMG_1210-828x600.jpg",828,600,true],"mvp-port-thumb":["https:\/\/romulofelippe.com\/wp-content\/uploads\/2024\/08\/IMG_1210-560x600.jpg",560,600,true],"mvp-large-thumb":["https:\/\/romulofelippe.com\/wp-content\/uploads\/2024\/08\/IMG_1210-590x354.jpg",590,354,true],"mvp-mid-thumb":["https:\/\/romulofelippe.com\/wp-content\/uploads\/2024\/08\/IMG_1210-400x240.jpg",400,240,true],"mvp-small-thumb":["https:\/\/romulofelippe.com\/wp-content\/uploads\/2024\/08\/IMG_1210-80x80.jpg",80,80,true],"mailpoet_newsletter_max":["https:\/\/romulofelippe.com\/wp-content\/uploads\/2024\/08\/IMG_1210.jpg",828,618,false],"woocommerce_thumbnail":["https:\/\/romulofelippe.com\/wp-content\/uploads\/2024\/08\/IMG_1210-300x300.jpg",300,300,true],"woocommerce_single":["https:\/\/romulofelippe.com\/wp-content\/uploads\/2024\/08\/IMG_1210-600x448.jpg",600,448,true],"woocommerce_gallery_thumbnail":["https:\/\/romulofelippe.com\/wp-content\/uploads\/2024\/08\/IMG_1210-100x100.jpg",100,100,true]},"uagb_author_info":{"display_name":"Assessoria de Imprensa","author_link":"https:\/\/romulofelippe.com\/?author=1"},"uagb_comment_info":5,"uagb_excerpt":"\u201cNossa literatura \u00e9 uma das mais poderosas do mundo\u201d.\u00a0Membro da AEL e da ABL, Carlos Nejar ecoa sua voz em defesa do escritor brasileiro Romulo Felippe \/\u00a0Cadeira 09 da Academia Esp\u00edrito-santense de Letras &#8211; revista Folha Liter\u00e1ria Embora nascido em Porto Alegre, em 11 de janeiro de 1939, as ra\u00edzes do cora\u00e7\u00e3o de Luiz Carlos&hellip;","amp_enabled":true,"_links":{"self":[{"href":"https:\/\/romulofelippe.com\/index.php?rest_route=\/wp\/v2\/posts\/2044","targetHints":{"allow":["GET"]}}],"collection":[{"href":"https:\/\/romulofelippe.com\/index.php?rest_route=\/wp\/v2\/posts"}],"about":[{"href":"https:\/\/romulofelippe.com\/index.php?rest_route=\/wp\/v2\/types\/post"}],"author":[{"embeddable":true,"href":"https:\/\/romulofelippe.com\/index.php?rest_route=\/wp\/v2\/users\/1"}],"replies":[{"embeddable":true,"href":"https:\/\/romulofelippe.com\/index.php?rest_route=%2Fwp%2Fv2%2Fcomments&post=2044"}],"version-history":[{"count":2,"href":"https:\/\/romulofelippe.com\/index.php?rest_route=\/wp\/v2\/posts\/2044\/revisions"}],"predecessor-version":[{"id":2048,"href":"https:\/\/romulofelippe.com\/index.php?rest_route=\/wp\/v2\/posts\/2044\/revisions\/2048"}],"wp:featuredmedia":[{"embeddable":true,"href":"https:\/\/romulofelippe.com\/index.php?rest_route=\/wp\/v2\/media\/2047"}],"wp:attachment":[{"href":"https:\/\/romulofelippe.com\/index.php?rest_route=%2Fwp%2Fv2%2Fmedia&parent=2044"}],"wp:term":[{"taxonomy":"category","embeddable":true,"href":"https:\/\/romulofelippe.com\/index.php?rest_route=%2Fwp%2Fv2%2Fcategories&post=2044"},{"taxonomy":"post_tag","embeddable":true,"href":"https:\/\/romulofelippe.com\/index.php?rest_route=%2Fwp%2Fv2%2Ftags&post=2044"}],"curies":[{"name":"wp","href":"https:\/\/api.w.org\/{rel}","templated":true}]}}