{"id":2089,"date":"2025-05-19T10:37:16","date_gmt":"2025-05-19T13:37:16","guid":{"rendered":"https:\/\/romulofelippe.com\/?p=2089"},"modified":"2025-05-19T11:08:46","modified_gmt":"2025-05-19T14:08:46","slug":"biografia-de-600-paginas-sobre-o-politico-mais-longevo-do-brasi","status":"publish","type":"post","link":"https:\/\/romulofelippe.com\/?p=2089","title":{"rendered":"Biografia de 600 p\u00e1ginas sobre o  pol\u00edtico \u00a0mais longevo do Brasi"},"content":{"rendered":"<h2><strong>Imprensa repercute obra biogr\u00e1fica de Romulo Felippe<\/strong><\/h2>\n<p>O escritor Romulo Felippe, que tem se dedicado a obras biogr\u00e1ficas, pr\u00e9-lan\u00e7ou no dia 13 de maio mais um importante e hist\u00f3rico livro: a biografia pol\u00edtica do mandat\u00e1rio mais longevo do Brasil, Theodorico de Assis Ferra\u00e7o, de 87 anos de vida &#8211; 63 deles dedicados a cargos eletivos atrav\u00e9s do voto popular. Em capa dura e com 600 p\u00e1ginas, a obra despertou a aten\u00e7\u00e3o da imprensa.<\/p>\n<p>Portal noticioso mais lido do Esp\u00edrito Santo, a Folha de Vit\u00f3ria manchetou a \u2018enteprima\u2019 do livro, destacando que \u201c<em>O Enigma Ferra\u00e7o \u2013 A saga do pol\u00edtico mais longevo do Brasil <\/em>ocorreu em um evento que reuniu amigos, familiares, lideran\u00e7as pol\u00edticas e secret\u00e1rios da atual gest\u00e3o\u201d. Segundo lembrou a jornalista Julia Camim,<\/p>\n<p>trata-se do prefeito mais velho do Brasil a governar uma cidade com mais de cem mil habitantes. \u201cSegundo o autor, Romulo Felippe, a obra de 600 p\u00e1ginas traz revela\u00e7\u00f5es exclusivas, como a amizade e as brigas que o mandat\u00e1rio travou durante o regime militar com o presidente e general Jo\u00e3o Baptista Figueiredo, escreveu a rep\u00f3rter, destacando que todos os 16 mandatos exercidos por Ferra\u00e7o e seus bastidores s\u00e3o detalhados no livro. \u201cAs hist\u00f3rias s\u00e3o tidas como epis\u00f3dios hist\u00f3ricos na pol\u00edtica do Esp\u00edrito Santo\u201d, registrou a Folha de Vit\u00f3ria.<\/p>\n<p>&#8211; \u00c9 um frasista nato, al\u00e9m de ser uma figura midi\u00e1tica e um polemista de m\u00e3o cheia. \u00c9 um personagem de envergadura nacional, conforme os registros e depoimentos colhidos comprovam &#8211; respondeu Romulo Felippe, que tem obras publicadas por editoras do Brasil, da Europa e dos Estados Unidos.<\/p>\n<p>A coluna Plen\u00e1rio, do jornal impresso A Tribuna, enfatizou o pr\u00e9-lan\u00e7amento atrav\u00e9s do colunista Eduardo Maia. \u201c600 p\u00e1ginas de hist\u00f3ria! A obra contempla seis d\u00e9cadas de vida p\u00fablica de Theodorico Ferra\u00e7o\u201d, exaltou. O portal Sul Capixaba analisou a obra como \u201cuma narrativa que mistura jornalismo investigativo, hist\u00f3ria e literatura, que promete revelar os bastidores de seis d\u00e9cadas de vida p\u00fablica do pol\u00edtico cachoeirense, que se tornou um verdadeiro \u00edcone da pol\u00edtica brasileira\u201d, redigiu Kaylan Mattos. O Correio Capixaba foi al\u00e9m: \u201cO livro \u2018O Enigma Ferra\u00e7o\u2019 j\u00e1 \u00e9 considerada uma pe\u00e7a essencial para entender n\u00e3o apenas a vida de Theodorico Ferra\u00e7o, mas tamb\u00e9m a hist\u00f3ria recente da pol\u00edtica brasileira\u201d<\/p>\n<p>A rep\u00f3rter Thayn\u00e1 Peterle, do portal Opini\u00e3oES, descreveu que \u201cCachoeiro viver um momento marcante com o pr\u00e9-lan\u00e7amento da biografia de um dos nomes mais emblem\u00e1ticos da pol\u00edtica nacional\u201d. J\u00e1 o Portal de Not\u00edcias 24 Horas deu \u00eanfase \u00e0 presen\u00e7a e ao discurso emotivo do governador em exerc\u00edcio, Ricardo Ferra\u00e7o: \u201c\u00c9 imposs\u00edvel n\u00e3o se emocionar. Meu pai \u00e9 uma refer\u00eancia nacional. Um homem que nunca deixou de lutar pelo que acredita. Ele transformou vidas, defendeu causas justas e escreveu, com coragem, parte da hist\u00f3ria deste pa\u00eds. Este livro \u00e9 um testemunho da grandeza de sua jornada\u201d, e foi \u00e0s l\u00e1grimas o governador.<\/p>\n<p>O portal HojeES \u00a0destacou uma frase do escritor Romulo Felippe: \u201cbiografar Ferra\u00e7o foi como escalar uma montanha repleta de desafios e surpresas. Ele \u00e9 um personagem raro, vivo, que protagonizou momentos decisivos da pol\u00edtica brasileira. Esta obra \u00e9, acima de tudo, um tributo \u00e0 imprensa e \u00e0 mem\u00f3ria pol\u00edtica do nosso tempo\u201d. Outro portal, o Informe Capixaba, revelou que Theodorico Ferra\u00e7o, \u201ccom seu estilo direto e caracter\u00edstico, n\u00e3o lera o livro at\u00e9 o dia do pr\u00e9-lan\u00e7amento\u201d. E publicou parte do discurso do pol\u00edtico: \u201cDei total liberdade ao Romulo para escrever o que achasse importante. Fiz quest\u00e3o de n\u00e3o ler antes do pr\u00e9-lan\u00e7amento. Queria sentir a rea\u00e7\u00e3o das pessoas e a emo\u00e7\u00e3o do momento. Tem hist\u00f3rias a\u00ed que eu mesmo n\u00e3o lembrava mais\u201d, comentou, arrancando aplausos.<\/p>\n<p>O Dia a Dia ES lembrou que o governador Renato Casagrande n\u00e3o pode comparecer por conta de agenda em Nova Iorque, mas que foi lembrado por Ricardo Ferra\u00e7o e os demais. \u201cDe 1937 at\u00e9 os dias de hoje, temos em m\u00e3os a trajet\u00f3ria mais longeva de um pol\u00edtico em atividade no pa\u00eds. O livro virou patrim\u00f4nio da pol\u00edtica capixaba\u201d. Para o Not\u00edcias do ES, \u201co livro emocionou a todos os presentes, mas, sobretudo, simbolizou a continuidade de um legado: o do patriarca Theodorico de Assis Ferra\u00e7o, agora registrado em p\u00e1ginas que eternizam sua jornada pol\u00edtica e o do filho Ricardo Ferra\u00e7o, que vive um dos momentos mais inspiradores de sua pr\u00f3pria trajet\u00f3ria\u201d, conforme opinou o jornalista Wanderson Amorim. \u201cCachoeiro de Itapemirim n\u00e3o foi apenas palco de um pr\u00e9-lan\u00e7amento liter\u00e1rio \u2014 foi o cen\u00e1rio de um daqueles encontros simb\u00f3licos que a pol\u00edtica, de tempos em tempos, se encarrega de escrever com rara sensibilidade. O t\u00edtulo da obra, O Enigma Ferra\u00e7o, \u00e9 mais do que um jogo de palavras. \u00c9 uma defini\u00e7\u00e3o justa de um personagem que, por seis d\u00e9cadas, foi protagonista em meio a crises, transforma\u00e7\u00f5es e disputas ferrenhas. Um pol\u00edtico admirado e criticado, mas sobretudo resiliente. O \u201cenigma\u201d tamb\u00e9m se projeta no filho, que agora carrega a miss\u00e3o de decifrar novos caminhos para o Esp\u00edrito Santo\u201d.<\/p>\n<p>O Jornal do ES refor\u00e7ou a carreira pol\u00edtica do biografado: \u201cA obra percorre a trajet\u00f3ria do pol\u00edtico desde seu nascimento em 1937, poucos dias ap\u00f3s a instaura\u00e7\u00e3o do Estado Novo de Get\u00falio Vargas, passando por suas passagens como deputado estadual, federal, vice-governador e prefeito, at\u00e9 sua consagra\u00e7\u00e3o como o pol\u00edtico com maior longevidade em atividade no Brasil\u201d.<\/p>\n<p>A jornalista Cida Campos, do portal Olho a Olho, esmiu\u00e7ou o evento entrevistando com maestria familiares e amigos de inf\u00e2ncia do biografado. \u201cO pr\u00e9-lan\u00e7amento da biografia de Theodorico de Assis Ferra\u00e7o, &#8220;O ENIGMA FERRA\u00c7O&#8221; escrita pelo renomado jornalista e bi\u00f3grafo Romulo Felippe. A obra oferece uma imers\u00e3o profunda e reveladora na trajet\u00f3ria de um dos nomes mais emblem\u00e1ticos da pol\u00edtica brasileira. Romulo Felippe, conhecido por sua habilidade narrativa e apurado rigor jornal\u00edstico, reconstr\u00f3i com sensibilidade os caminhos percorridos por Theodorico \u2014 seus desafios, conquistas, valores e o legado que deixou registrado na hist\u00f3ria do pa\u00eds. Mais do que uma biografia pol\u00edtica, trata-se de um retrato humano, sens\u00edvel e inspirador\u201d.<\/p>\n<p>Links para as mat\u00e9rias:<\/p>\n<p><a href=\"https:\/\/www.folhavitoria.com.br\/politica\/biografia-livro-sobre-theodorico-ferraco-tem-600-paginas-e-bastidores-dos-16-mandatos\/?utm_source=whatsapp&amp;utm_medium=referral&amp;utm_campaign=share_alongisde\">https:\/\/www.folhavitoria.com.br\/politica\/biografia-livro-sobre-theodorico-ferraco-tem-600-paginas-e-bastidores-dos-16-mandatos\/?utm_source=whatsapp&amp;utm_medium=referral&amp;utm_campaign=share_alongisde<\/a><\/p>\n<p><a href=\"https:\/\/portaldenoticias24horas.com.br\/video-pre-lancamento-da-biografia-de-ferraco-emociona-e-une-liderancas-em-cachoeiro\/\">https:\/\/portaldenoticias24horas.com.br\/video-pre-lancamento-da-biografia-de-ferraco-emociona-e-une-liderancas-em-cachoeiro\/<\/a><\/p>\n<p><a href=\"https:\/\/olhoaolho.com.br\/noticia\/978\/historia-viva-prelancamento-biografia-theodorico-ferraco\">https:\/\/olhoaolho.com.br\/noticia\/978\/historia-viva-prelancamento-biografia-theodorico-ferraco<\/a><\/p>\n<p><a href=\"https:\/\/jornaldoes.com.br\/pre-lancamento-da-biografia-de-theodorico-ferraco-emociona-cachoeiro-e-reune-liderancas-politicas\/\">https:\/\/jornaldoes.com.br\/pre-lancamento-da-biografia-de-theodorico-ferraco-emociona-cachoeiro-e-reune-liderancas-politicas\/<\/a><\/p>\n<p><a href=\"https:\/\/noticiasdoes.com.br\/o-enigma-ferraco-o-filho-que-traca-os-caminhos-do-pai\/\">https:\/\/noticiasdoes.com.br\/o-enigma-ferraco-o-filho-que-traca-os-caminhos-do-pai\/<\/a><\/p>\n<p><a href=\"https:\/\/diaadiaes.com.br\/web-stories\/a-biografia-de-ferraco-o-politico-mais-longevo-do-brasil\/\">https:\/\/diaadiaes.com.br\/web-stories\/a-biografia-de-ferraco-o-politico-mais-longevo-do-brasil\/<\/a><\/p>\n<p><a href=\"https:\/\/informecapixaba.com.br\/pre-lancamento-da-biografia-de-theodorico-ferraco-emociona-cachoeiro-e-reune-liderancas-politicas\/\">https:\/\/informecapixaba.com.br\/pre-lancamento-da-biografia-de-theodorico-ferraco-emociona-cachoeiro-e-reune-liderancas-politicas\/<\/a><\/p>\n<p><a href=\"https:\/\/hojees.com.br\/pre-lancamento-da-biografia-de-theodorico-ferraco-emociona-cachoeiro-e-reune-liderancas-politicas\/\">https:\/\/hojees.com.br\/pre-lancamento-da-biografia-de-theodorico-ferraco-emociona-cachoeiro-e-reune-liderancas-politicas\/<\/a><\/p>\n<p><a href=\"https:\/\/portaldenoticias24horas.com.br\/video-pre-lancamento-da-biografia-de-ferraco-emociona-e-une-liderancas-em-cachoeiro\/\">https:\/\/portaldenoticias24horas.com.br\/video-pre-lancamento-da-biografia-de-ferraco-emociona-e-une-liderancas-em-cachoeiro\/<\/a><\/p>\n<p><a href=\"https:\/\/opiniao.es\/pre-lancamento-da-biografia-de-theodorico-ferraco-emociona-cachoeiro-e-reune-liderancas-politicas\/\">https:\/\/opiniao.es\/pre-lancamento-da-biografia-de-theodorico-ferraco-emociona-cachoeiro-e-reune-liderancas-politicas\/<\/a><\/p>\n<p><a href=\"https:\/\/correiocapixaba.com.br\/publicacao\/biografia-de-theodorico-ferraco-seis-decadas-de-vida-publica-1747163042\">https:\/\/correiocapixaba.com.br\/publicacao\/biografia-de-theodorico-ferraco-seis-decadas-de-vida-publica-1747163042<\/a><\/p>\n<p><a href=\"https:\/\/sulcapixaba.com.br\/pre-lancamento-da-biografia-de-theodorico-ferraco-emociona-cachoeiro-e-reune-liderancas-politicas\/sul-do-espirito-santo\/noticias\/\">https:\/\/sulcapixaba.com.br\/pre-lancamento-da-biografia-de-theodorico-ferraco-emociona-cachoeiro-e-reune-liderancas-politicas\/sul-do-espirito-santo\/noticias\/<\/a><\/p>\n<p>&nbsp;<\/p>\n","protected":false},"excerpt":{"rendered":"<p>Imprensa repercute obra biogr\u00e1fica de Romulo Felippe O escritor Romulo Felippe, que tem se dedicado a obras biogr\u00e1ficas, pr\u00e9-lan\u00e7ou no dia 13 de maio mais um importante e hist\u00f3rico livro: a biografia pol\u00edtica do mandat\u00e1rio mais longevo do Brasil, Theodorico de Assis Ferra\u00e7o, de 87 anos de vida &#8211; 63 deles dedicados a cargos eletivos [&hellip;]<\/p>\n","protected":false},"author":1,"featured_media":2090,"comment_status":"open","ping_status":"open","sticky":false,"template":"","format":"standard","meta":{"_uag_custom_page_level_css":"","footnotes":""},"categories":[3,1],"tags":[],"class_list":["post-2089","post","type-post","status-publish","format-standard","has-post-thumbnail","hentry","category-literatura","category-saiu-na-midia"],"uagb_featured_image_src":{"full":["https:\/\/romulofelippe.com\/wp-content\/uploads\/2025\/05\/imprensa.jpg",1204,903,false],"thumbnail":["https:\/\/romulofelippe.com\/wp-content\/uploads\/2025\/05\/imprensa-150x150.jpg",150,150,true],"medium":["https:\/\/romulofelippe.com\/wp-content\/uploads\/2025\/05\/imprensa-300x225.jpg",300,225,true],"medium_large":["https:\/\/romulofelippe.com\/wp-content\/uploads\/2025\/05\/imprensa-768x576.jpg",740,555,true],"large":["https:\/\/romulofelippe.com\/wp-content\/uploads\/2025\/05\/imprensa-1024x768.jpg",740,555,true],"1536x1536":["https:\/\/romulofelippe.com\/wp-content\/uploads\/2025\/05\/imprensa.jpg",1204,903,false],"2048x2048":["https:\/\/romulofelippe.com\/wp-content\/uploads\/2025\/05\/imprensa.jpg",1204,903,false],"post-thumbnail":["https:\/\/romulofelippe.com\/wp-content\/uploads\/2025\/05\/imprensa-1000x600.jpg",1000,600,true],"mvp-post-thumb":["https:\/\/romulofelippe.com\/wp-content\/uploads\/2025\/05\/imprensa-1000x600.jpg",1000,600,true],"mvp-port-thumb":["https:\/\/romulofelippe.com\/wp-content\/uploads\/2025\/05\/imprensa-560x600.jpg",560,600,true],"mvp-large-thumb":["https:\/\/romulofelippe.com\/wp-content\/uploads\/2025\/05\/imprensa-590x354.jpg",590,354,true],"mvp-mid-thumb":["https:\/\/romulofelippe.com\/wp-content\/uploads\/2025\/05\/imprensa-400x240.jpg",400,240,true],"mvp-small-thumb":["https:\/\/romulofelippe.com\/wp-content\/uploads\/2025\/05\/imprensa-80x80.jpg",80,80,true],"mailpoet_newsletter_max":["https:\/\/romulofelippe.com\/wp-content\/uploads\/2025\/05\/imprensa.jpg",1204,903,false],"woocommerce_thumbnail":["https:\/\/romulofelippe.com\/wp-content\/uploads\/2025\/05\/imprensa-300x300.jpg",300,300,true],"woocommerce_single":["https:\/\/romulofelippe.com\/wp-content\/uploads\/2025\/05\/imprensa-600x450.jpg",600,450,true],"woocommerce_gallery_thumbnail":["https:\/\/romulofelippe.com\/wp-content\/uploads\/2025\/05\/imprensa-100x100.jpg",100,100,true]},"uagb_author_info":{"display_name":"Assessoria de Imprensa","author_link":"https:\/\/romulofelippe.com\/?author=1"},"uagb_comment_info":6,"uagb_excerpt":"Imprensa repercute obra biogr\u00e1fica de Romulo Felippe O escritor Romulo Felippe, que tem se dedicado a obras biogr\u00e1ficas, pr\u00e9-lan\u00e7ou no dia 13 de maio mais um importante e hist\u00f3rico livro: a biografia pol\u00edtica do mandat\u00e1rio mais longevo do Brasil, Theodorico de Assis Ferra\u00e7o, de 87 anos de vida &#8211; 63 deles dedicados a cargos eletivos&hellip;","amp_enabled":true,"_links":{"self":[{"href":"https:\/\/romulofelippe.com\/index.php?rest_route=\/wp\/v2\/posts\/2089","targetHints":{"allow":["GET"]}}],"collection":[{"href":"https:\/\/romulofelippe.com\/index.php?rest_route=\/wp\/v2\/posts"}],"about":[{"href":"https:\/\/romulofelippe.com\/index.php?rest_route=\/wp\/v2\/types\/post"}],"author":[{"embeddable":true,"href":"https:\/\/romulofelippe.com\/index.php?rest_route=\/wp\/v2\/users\/1"}],"replies":[{"embeddable":true,"href":"https:\/\/romulofelippe.com\/index.php?rest_route=%2Fwp%2Fv2%2Fcomments&post=2089"}],"version-history":[{"count":1,"href":"https:\/\/romulofelippe.com\/index.php?rest_route=\/wp\/v2\/posts\/2089\/revisions"}],"predecessor-version":[{"id":2091,"href":"https:\/\/romulofelippe.com\/index.php?rest_route=\/wp\/v2\/posts\/2089\/revisions\/2091"}],"wp:featuredmedia":[{"embeddable":true,"href":"https:\/\/romulofelippe.com\/index.php?rest_route=\/wp\/v2\/media\/2090"}],"wp:attachment":[{"href":"https:\/\/romulofelippe.com\/index.php?rest_route=%2Fwp%2Fv2%2Fmedia&parent=2089"}],"wp:term":[{"taxonomy":"category","embeddable":true,"href":"https:\/\/romulofelippe.com\/index.php?rest_route=%2Fwp%2Fv2%2Fcategories&post=2089"},{"taxonomy":"post_tag","embeddable":true,"href":"https:\/\/romulofelippe.com\/index.php?rest_route=%2Fwp%2Fv2%2Ftags&post=2089"}],"curies":[{"name":"wp","href":"https:\/\/api.w.org\/{rel}","templated":true}]}}