{"id":2106,"date":"2025-08-15T15:28:56","date_gmt":"2025-08-15T18:28:56","guid":{"rendered":"https:\/\/romulofelippe.com\/?p=2106"},"modified":"2025-08-15T15:31:39","modified_gmt":"2025-08-15T18:31:39","slug":"imortal-faz-lancamento-academico-de-biografia","status":"publish","type":"post","link":"https:\/\/romulofelippe.com\/?p=2106","title":{"rendered":"Imortal faz lan\u00e7amento  acad\u00eamico de biografia"},"content":{"rendered":"<h3 style=\"font-weight: 400;\"><strong>Evento na centen\u00e1ria Academia ES de Letras apresentou o calhama\u00e7o de 600 p\u00e1ginas<\/strong><\/h3>\n<p style=\"font-weight: 400;\">A imprensa repercutiu evento realizado pelo escritor e bi\u00f3grafo Romulo Felippe na secular Academia Esp\u00edrito-santense de Letras. O Jornal Fato, de circula\u00e7\u00e3o di\u00e1ria, destacou o lan\u00e7amento acad\u00eamico atrav\u00e9s da abertura do tamb\u00e9m acad\u00eamico S\u00e9rgio Aboubid: \u201c\u00e9 um trabalho que denota a grandeza hist\u00f3rica do atual prefeito de Cachoeiro\u201d, real\u00e7ou.<\/p>\n<p style=\"font-weight: 400;\">O portal Dia a Dia ES, atrav\u00e9s da jornalista Anete Lacerda, destacou que a biografia \u201cO enigma Ferra\u00e7o\u201d, de 600 p\u00e1ginas, \u201cfaz revela\u00e7\u00f5es hist\u00f3ricas, como a confiss\u00e3o do presidente Jo\u00e3o Figueiredo sobre grampos do pr\u00f3prio governo miliar\u201d. Segundo o site noticioso, \u201co jornalista e escritor, imortal da Academia, lan\u00e7ou, no sal\u00e3o oval da Casa Kosciuszko Le\u00e3o Barbosa, a biografia pol\u00edtica de Theodorico de Assis Ferra\u00e7o\u201d.<\/p>\n<p style=\"font-weight: 400;\">O jornal Aqui Not\u00edcias destacou que a primeira edi\u00e7\u00e3o da biografia do pol\u00edtico mais longevo do pa\u00eds j\u00e1 est\u00e1 esgotada. \u201cEstamos perante a hist\u00f3ria viva, sendo firmemente escrita nas p\u00e1ginas pol\u00edticas do nosso Estado\u201d, reiterou a presidente da centen\u00e1ria arc\u00e1dia, a mestra Ester Abreu. \u201cEsta obra imortaliza o legado, ainda em constru\u00e7\u00e3o, do meu av\u00f4\u201d, exaltou Ant\u00f4nio Ferra\u00e7o, que representou o av\u00f4 Theodorico Ferra\u00e7o no lan\u00e7amento acad\u00eamico.<\/p>\n<p style=\"font-weight: 400;\">\u2013 Dentre outros feitos, a biografia demonstra o papel preponderante que Ferra\u00e7o exerceu na luta pela reabertura democr\u00e1tica do pa\u00eds, no auge do per\u00edodo militar. H\u00e1 revela\u00e7\u00f5es hist\u00f3ricas, como a confiss\u00e3o do presidente Jo\u00e3o Figueiredo sobre grampos no pr\u00f3prio governo e, al\u00e9m de verdadeiras batalhas campais travadas, o evento que impediu que esse grande pol\u00edtico fosse al\u00e7ado ao Pal\u00e1cio Anchieta. Ferra\u00e7o \u00e9 um frasista de m\u00e3o cheia, polemista, midi\u00e1tico e conhecedor de cada um dos seus eleitores \u2013 analisa Romulo Felippe, com vinte livros j\u00e1 publicados (um deles best-seller na Europa) para o Portal de Not\u00edcias 24 Horas.<\/p>\n<p style=\"font-weight: 400;\">O portal Olho a Olho, atrav\u00e9s da jornalista Cida Campos, tratou o evento como marcante, reunindo os acad\u00eamicos de uma das mais antigas institui\u00e7\u00f5es liter\u00e1rias do mundo \u2013 a qual Romulo Felippe ocupa a c\u00e1tedra 09. \u201cA obra vai al\u00e9m de uma simples narrativa da vida do pol\u00edtico, oferecendo uma an\u00e1lise profunda sobre a sua trajet\u00f3ria. Explorando a complexidade do personagem, seus feitos, contradi\u00e7\u00f5es e o impacto de sua atua\u00e7\u00e3o na vida p\u00fablica brasileira ao longo das d\u00e9cadas\u201d.<\/p>\n<p style=\"font-weight: 400;\">Com 63 anos de vida p\u00fablica, Theodorico de Assis Ferra\u00e7o \u2013 nascido em novembro de 1937 \u2013 \u00e9 detentor de 16 mandatos pol\u00edticos, sendo oito como deputado estadual (tr\u00eas vezes presidente da Assembleia Legislativa), tr\u00eas mandatos como deputado federal e cinco como prefeito de Cachoeiro (atualmente em sua quinta gest\u00e3o municipal) al\u00e9m de ocupar por duas vezes o cargo de secret\u00e1rio de Estado.<\/p>\n<p style=\"font-weight: 400;\"><strong>Links das reportagens:<img decoding=\"async\" class=\"alignnone size-full wp-image-2107\" src=\"https:\/\/romulofelippe.com\/wp-content\/uploads\/2025\/08\/Lancamento-academico-da-biografia-de-Ferraco.heic\" alt=\"\" \/><\/strong><\/p>\n<p style=\"font-weight: 400;\"><a href=\"https:\/\/olhoaolho.com.br\/noticia\/1824\/enigma-ferraco-historia-de-politico-longevo\">https:\/\/olhoaolho.com.br\/noticia\/1824\/enigma-ferraco-historia-de-politico-longevo<\/a><\/p>\n<p style=\"font-weight: 400;\"><a href=\"https:\/\/aquinoticias.com\/2025\/08\/romulo-felippe-faz-lancamento-academico-da-biografia-de-theodorico-ferraco\/\">https:\/\/aquinoticias.com\/2025\/08\/romulo-felippe-faz-lancamento-academico-da-biografia-de-theodorico-ferraco\/<\/a><\/p>\n<p style=\"font-weight: 400;\"><a href=\"https:\/\/diaadiaes.com.br\/autor-lanca-biografia-do-prefeito-theodorico-ferraco-em-vitoria\/\">https:\/\/diaadiaes.com.br\/autor-lanca-biografia-do-prefeito-theodorico-ferraco-em-vitoria\/<\/a><\/p>\n<p style=\"font-weight: 400;\"><a href=\"https:\/\/portaldenoticias24horas.com.br\/romulo-felippe-faz-lancamento-academico-da-biografia-de-theodorico-ferraco\/\">https:\/\/portaldenoticias24horas.com.br\/romulo-felippe-faz-lancamento-academico-da-biografia-de-theodorico-ferraco\/<\/a><\/p>\n<p style=\"font-weight: 400;\">\n","protected":false},"excerpt":{"rendered":"<p>Evento na centen\u00e1ria Academia ES de Letras apresentou o calhama\u00e7o de 600 p\u00e1ginas A imprensa repercutiu evento realizado pelo escritor e bi\u00f3grafo Romulo Felippe na secular Academia Esp\u00edrito-santense de Letras. O Jornal Fato, de circula\u00e7\u00e3o di\u00e1ria, destacou o lan\u00e7amento acad\u00eamico atrav\u00e9s da abertura do tamb\u00e9m acad\u00eamico S\u00e9rgio Aboubid: \u201c\u00e9 um trabalho que denota a grandeza [&hellip;]<\/p>\n","protected":false},"author":1,"featured_media":0,"comment_status":"open","ping_status":"open","sticky":false,"template":"","format":"standard","meta":{"_uag_custom_page_level_css":"","footnotes":""},"categories":[4],"tags":[],"class_list":["post-2106","post","type-post","status-publish","format-standard","hentry","category-noticias"],"uagb_featured_image_src":{"full":false,"thumbnail":false,"medium":false,"medium_large":false,"large":false,"1536x1536":false,"2048x2048":false,"post-thumbnail":false,"mvp-post-thumb":false,"mvp-port-thumb":false,"mvp-large-thumb":false,"mvp-mid-thumb":false,"mvp-small-thumb":false,"mailpoet_newsletter_max":false,"woocommerce_thumbnail":false,"woocommerce_single":false,"woocommerce_gallery_thumbnail":false},"uagb_author_info":{"display_name":"Assessoria de Imprensa","author_link":"https:\/\/romulofelippe.com\/?author=1"},"uagb_comment_info":2,"uagb_excerpt":"Evento na centen\u00e1ria Academia ES de Letras apresentou o calhama\u00e7o de 600 p\u00e1ginas A imprensa repercutiu evento realizado pelo escritor e bi\u00f3grafo Romulo Felippe na secular Academia Esp\u00edrito-santense de Letras. O Jornal Fato, de circula\u00e7\u00e3o di\u00e1ria, destacou o lan\u00e7amento acad\u00eamico atrav\u00e9s da abertura do tamb\u00e9m acad\u00eamico S\u00e9rgio Aboubid: \u201c\u00e9 um trabalho que denota a grandeza&hellip;","amp_enabled":true,"_links":{"self":[{"href":"https:\/\/romulofelippe.com\/index.php?rest_route=\/wp\/v2\/posts\/2106","targetHints":{"allow":["GET"]}}],"collection":[{"href":"https:\/\/romulofelippe.com\/index.php?rest_route=\/wp\/v2\/posts"}],"about":[{"href":"https:\/\/romulofelippe.com\/index.php?rest_route=\/wp\/v2\/types\/post"}],"author":[{"embeddable":true,"href":"https:\/\/romulofelippe.com\/index.php?rest_route=\/wp\/v2\/users\/1"}],"replies":[{"embeddable":true,"href":"https:\/\/romulofelippe.com\/index.php?rest_route=%2Fwp%2Fv2%2Fcomments&post=2106"}],"version-history":[{"count":2,"href":"https:\/\/romulofelippe.com\/index.php?rest_route=\/wp\/v2\/posts\/2106\/revisions"}],"predecessor-version":[{"id":2112,"href":"https:\/\/romulofelippe.com\/index.php?rest_route=\/wp\/v2\/posts\/2106\/revisions\/2112"}],"wp:attachment":[{"href":"https:\/\/romulofelippe.com\/index.php?rest_route=%2Fwp%2Fv2%2Fmedia&parent=2106"}],"wp:term":[{"taxonomy":"category","embeddable":true,"href":"https:\/\/romulofelippe.com\/index.php?rest_route=%2Fwp%2Fv2%2Fcategories&post=2106"},{"taxonomy":"post_tag","embeddable":true,"href":"https:\/\/romulofelippe.com\/index.php?rest_route=%2Fwp%2Fv2%2Ftags&post=2106"}],"curies":[{"name":"wp","href":"https:\/\/api.w.org\/{rel}","templated":true}]}}