{"id":524,"date":"2019-07-11T16:47:15","date_gmt":"2019-07-11T19:47:15","guid":{"rendered":"https:\/\/romulofelippe.com\/portal\/?p=524"},"modified":"2019-07-11T16:54:08","modified_gmt":"2019-07-11T19:54:08","slug":"jornalista-mostra-o-cotidiano-de-escrita-do-autor-romulo-felippe","status":"publish","type":"post","link":"https:\/\/romulofelippe.com\/?p=524","title":{"rendered":"Jornalista mostra o cotidiano de escrita do autor Romulo Felippe"},"content":{"rendered":"<p><strong>Em entrevista para o portal \u201cAchando Hist\u00f3rias\u201d, Romulo diz que \u201cescrever \u00e9 um parto, uma responsabilidade tremenda. Prazer mesmo s\u00f3 quando finalizamos o livro, essa \u00e9 a verdade\u201d<\/strong><\/p>\n<p>B\u00e1rbara Valdez<\/p>\n<p>(do \u201cAchando Hist\u00f3rias\u201d)<\/p>\n<p>\u201cVoc\u00ea \u00e9 farol ou tempestade na vida de algu\u00e9m?\u201d. Essa pergunta vem circulando pelas redes sociais entre os f\u00e3s de literatura h\u00e1 algum tempo, e o motivo \u00e9 a grande repercuss\u00e3o em torno da obra O Farol e a Tempestade, um romance nacional do capixaba Romulo Felippe publicado pela Editora Novo Conceito.<\/p>\n<p>No \u00faltimo m\u00eas, tive a honra de realizar uma entrevista com o autor para saber mais sobre a obra. Por isso, continue aqui comigo e boa leitura!<\/p>\n<p><strong>Sobre O Farol e a Tempestade<\/strong><\/p>\n<p>O Farol e a Tempestade \u00e9 um dos lan\u00e7amentos de 2019 da Novo Conceito e tem uma hist\u00f3ria que mistura romance e drama. O enredo acompanha a rela\u00e7\u00e3o constru\u00edda aos poucos entre um escritor solit\u00e1rio e uma fot\u00f3grafa que acabou de sobreviver a um acidente de avi\u00e3o.<\/p>\n<p>Os dois encontram-se de forma inusitada, em uma ilha isolada do Atl\u00e2ntico Norte, onde Sam relembra seus traumas e n\u00e3o escreve mais nenhum livro. Por\u00e9m, o destino resolveu mexer\u00a0no cotidiano desse autor, e ele acabou por salvar Anne quando o avi\u00e3o dela caiu no mar.<\/p>\n<p>A partir da\u00ed, o amor guia a hist\u00f3ria pelas 300 p\u00e1ginas que comp\u00f5em a produ\u00e7\u00e3o. Contudo, o intuito da obra n\u00e3o \u00e9\u00a0 apresentar um romance simplista, mas sim falar sobre perd\u00e3o, esperan\u00e7a e capacidade de vencer obst\u00e1culos.<\/p>\n<p>Para dar mais vida \u00e0 narrativa, o livro possui v\u00e1rias ilustra\u00e7\u00f5es delicadas em preto e branco, feitas pela espanhola Paloma Montero e pelo brasileiro Sergio Rossini. Enfim, \u00e9 um volume que chama a aten\u00e7\u00e3o e mostra que a literatura nacional vem crescendo a cada dia.<\/p>\n<p><strong>Sobre o autor Romulo Felippe<\/strong><\/p>\n<p>Romulo \u00e9 jornalista e atua na \u00e1rea desde a adolesc\u00eancia, quando fazia publica\u00e7\u00f5es em um jornal de Cachoeiro de Itapemirim (ES), sua cidade natal. Apesar da liga\u00e7\u00e3o com o mundo das letras, s\u00f3 entrou na literatura em 2017, depois de publicar a obra \u00e9pica Monge Guerreiro.<\/p>\n<p>Em seguida, lan\u00e7ou outra produ\u00e7\u00e3o de mesmo g\u00eanero intitulada Reino dos Morcegos. Agora, com contrato assinado com a Novo Conceito, investe no g\u00eanero rom\u00e2ntico e deve publicar at\u00e9 o final deste ano o livro P\u00e1ssaros Negros na Neve, cujo enredo passa-se na Segunda Guerra Mundial.<\/p>\n<p>Voc\u00ea pode conferir melhor a trajet\u00f3ria de Romulo enquanto autor, e o processo criativo dele para lan\u00e7ar O Farol e a Tempestade na entrevista abaixo.<\/p>\n<p><strong>Entrevista<\/strong><\/p>\n<p><strong>Como surgiu a ideia para escrever o livro? A tem\u00e1tica foi um pedido da editora ou desejo pessoal?<\/strong><\/p>\n<p>Venho da escola da fantasia medieval, mas meus trinta anos de jornalismo impresso me ensinaram que autor deve ser ecl\u00e9tico. \u201cO Farol e a Tempestade\u201d, \u00e9 uma homenagem para a minha esposa, Svetlana Bertolo Felippe. Uma est\u00f3ria de amor e reden\u00e7\u00e3o, uma prova de que de alguma forma podemos ser luz na vida de algu\u00e9m.<\/p>\n<p>A Novo Conceito j\u00e1 acolheu o livro finalizado e, a partir da\u00ed, fechamos um contrato de dez anos.\u00a0Devo confessar que \u00e9 um orgulho trabalhar em uma editora gigante como a Novo Conceito.<\/p>\n<p><strong>Amei as ilustra\u00e7\u00f5es ao longo do livro, como foi esse processo de sele\u00e7\u00e3o dos desenhos?<\/strong><\/p>\n<p>Foi realmente inspirador. As ilustra\u00e7\u00f5es do Farol surgiram com muita naturalidade: primeiro, fiz contato com a espanhola Paloma Montero e, meses depois, foi a vez do paulista S\u00e9rgio P. Rossoni, um amigo que \u00e9 escritor e aquarelista. Particularmente, acredito que uma obra bem diagramada \u2013 com leveza e ilustra\u00e7\u00f5es \u2013 torna a leitura mais agrad\u00e1vel e apetitosa.<\/p>\n<p><strong>Em quanto tempo voc\u00ea escreveu O Farol e a Tempestade? O que foi mais dif\u00edcil nessa produ\u00e7\u00e3o (cria\u00e7\u00e3o de personagens, cen\u00e1rio, desenvolvimento do ritmo da narrativa etc.)?<\/strong><\/p>\n<p>A partir do momento que sentei para escrever, levei cerca de quatro meses. E, quando come\u00e7o, sigo de forma contundente at\u00e9 finalizar o livro. Sou met\u00f3dico quanto a isso. A escolha dos cen\u00e1rios do Farol foi tranquila e muito prazerosa.<\/p>\n<p>J\u00e1 os personagens nasceram com toda naturalidade do mundo. Eles estavam ali, vagando na minha imagina\u00e7\u00e3o e me pentelhando todas as madrugadas mais ou menos assim: \u201ctire a gente daqui, escritor, daqui da sua mente. Queremos viver. Leve-nos para o papel\u2026\u201d (risos).<\/p>\n<p><strong>Como \u00e9 seu processo criativo? <\/strong><\/p>\n<p>Em geral, as ideias para um livro surgem das formas mais mirabolantes (em um voo, em uma caminhada ou subindo uma montanha\u2026). A primeira coisa que fa\u00e7o \u00e9 anotar a ideia geral da ideia e depois inicio o processo de constru\u00e7\u00e3o da hist\u00f3ria, criando a personalidade dos personagens, estudando cen\u00e1rios, bem como criando um pequeno resumo para cada cap\u00edtulo que o livro ter\u00e1.<\/p>\n<p>O pr\u00f3ximo passo \u00e9 o processo de escrita. Costumo escrever diariamente por duas horas e meia. Sou disciplinado nessa quest\u00e3o, pois, assim, sei em quanto tempo conseguirei finalizar o original. Escrever \u00e9 um parto, uma responsabilidade tremenda. Prazer mesmo s\u00f3 quando finalizamos o livro, essa \u00e9 a verdade.<\/p>\n<p><strong>Voc\u00ea vai lan\u00e7ar P\u00e1ssaros Negros na Neve ainda este ano. J\u00e1 tem uma data certa? O que os f\u00e3s podem esperar da obra?<\/strong><\/p>\n<p>Esse ser\u00e1 provavelmente meu maior desafio como autor. Trata-se de um drama que ter\u00e1 como pano de fundo o cen\u00e1rio alpino do extremo Norte da It\u00e1lia, em pleno cora\u00e7\u00e3o da Segunda Guerra Mundial. Falaremos das dores provindas da guerra e de cicatrizes eternas. Estou iniciando a escrita do livro, ainda, pois a pesquisa foi imensa. A expectativa \u00e9 que a Novo Conceito publique at\u00e9 o final do ano, mais provavelmente em dezembro.<\/p>\n<p><strong>Duas curiosidades: o que voc\u00ea mais gosta em ser escritor? Quais os autores que o inspiram? <\/strong><\/p>\n<p>Acredito que um autor pode perpetuar seu nome, mais ainda as suas obras, para as gera\u00e7\u00f5es posteriores. \u00c9 por isso que, com toda humildade, quero deixar um pequeno legado para o futuro. Que, de alguma forma, meu nome se eternize nas p\u00e1ginas impressas dos meus livros.<\/p>\n<p>Quanto aos autores que me inspiraram, n\u00e3o tenho a menor d\u00favida: as cr\u00f4nicas de Rubem Braga e os versos de Manuel Bandeira forjaram a minha escrita, de alguma forma. Eu lia muito desde menino, mas esses dois mestres contribu\u00edram enormemente para a minha paix\u00e3o pela escrita.<\/p>\n<p><strong>E ent\u00e3o, o que voc\u00eas acharam do artigo de hoje? J\u00e1 leram O Farol e a Tempestade? Comente aqui embaixo qual sua opini\u00e3o sobre o livro. At\u00e9 mais!<\/strong><\/p>\n<p><strong>Link:<\/strong><\/p>\n<p><strong>https:\/\/achandohistorias.wordpress.com\/2019\/07\/04\/entrevista-com-romulo-felippe-autor-de-o-farol-e-a-tempestade\/<\/strong><\/p>\n","protected":false},"excerpt":{"rendered":"<p>Em entrevista para o portal \u201cAchando Hist\u00f3rias\u201d, Romulo diz que \u201cescrever \u00e9 um parto, uma responsabilidade tremenda. Prazer mesmo s\u00f3 quando finalizamos o livro, essa \u00e9 a verdade\u201d B\u00e1rbara Valdez (do \u201cAchando Hist\u00f3rias\u201d) \u201cVoc\u00ea \u00e9 farol ou tempestade na vida de algu\u00e9m?\u201d. Essa pergunta vem circulando pelas redes sociais entre os f\u00e3s de literatura h\u00e1 [&hellip;]<\/p>\n","protected":false},"author":1,"featured_media":525,"comment_status":"open","ping_status":"open","sticky":false,"template":"","format":"standard","meta":{"_uag_custom_page_level_css":"","footnotes":""},"categories":[6,1],"tags":[],"class_list":["post-524","post","type-post","status-publish","format-standard","has-post-thumbnail","hentry","category-entrevistas","category-saiu-na-midia"],"uagb_featured_image_src":{"full":["https:\/\/romulofelippe.com\/wp-content\/uploads\/2019\/07\/barbara-entrevista-ok-scaled.jpg",6016,4016,false],"thumbnail":["https:\/\/romulofelippe.com\/wp-content\/uploads\/2019\/07\/barbara-entrevista-ok-150x150.jpg",150,150,true],"medium":["https:\/\/romulofelippe.com\/wp-content\/uploads\/2019\/07\/barbara-entrevista-ok-300x200.jpg",300,200,true],"medium_large":["https:\/\/romulofelippe.com\/wp-content\/uploads\/2019\/07\/barbara-entrevista-ok-768x513.jpg",740,494,true],"large":["https:\/\/romulofelippe.com\/wp-content\/uploads\/2019\/07\/barbara-entrevista-ok-1024x684.jpg",740,494,true],"1536x1536":["https:\/\/romulofelippe.com\/wp-content\/uploads\/2019\/07\/barbara-entrevista-ok-scaled.jpg",1536,1025,false],"2048x2048":["https:\/\/romulofelippe.com\/wp-content\/uploads\/2019\/07\/barbara-entrevista-ok-scaled.jpg",2048,1367,false],"post-thumbnail":["https:\/\/romulofelippe.com\/wp-content\/uploads\/2019\/07\/barbara-entrevista-ok-1000x600.jpg",1000,600,true],"mvp-post-thumb":["https:\/\/romulofelippe.com\/wp-content\/uploads\/2019\/07\/barbara-entrevista-ok-1000x600.jpg",1000,600,true],"mvp-port-thumb":["https:\/\/romulofelippe.com\/wp-content\/uploads\/2019\/07\/barbara-entrevista-ok-560x600.jpg",560,600,true],"mvp-large-thumb":["https:\/\/romulofelippe.com\/wp-content\/uploads\/2019\/07\/barbara-entrevista-ok-590x354.jpg",590,354,true],"mvp-mid-thumb":["https:\/\/romulofelippe.com\/wp-content\/uploads\/2019\/07\/barbara-entrevista-ok-400x240.jpg",400,240,true],"mvp-small-thumb":["https:\/\/romulofelippe.com\/wp-content\/uploads\/2019\/07\/barbara-entrevista-ok-80x80.jpg",80,80,true],"mailpoet_newsletter_max":["https:\/\/romulofelippe.com\/wp-content\/uploads\/2019\/07\/barbara-entrevista-ok-scaled.jpg",1320,881,false],"woocommerce_thumbnail":["https:\/\/romulofelippe.com\/wp-content\/uploads\/2019\/07\/barbara-entrevista-ok-300x300.jpg",300,300,true],"woocommerce_single":["https:\/\/romulofelippe.com\/wp-content\/uploads\/2019\/07\/barbara-entrevista-ok-scaled.jpg",600,401,false],"woocommerce_gallery_thumbnail":["https:\/\/romulofelippe.com\/wp-content\/uploads\/2019\/07\/barbara-entrevista-ok-scaled-100x100.jpg",100,100,true]},"uagb_author_info":{"display_name":"Assessoria de Imprensa","author_link":"https:\/\/romulofelippe.com\/?author=1"},"uagb_comment_info":9,"uagb_excerpt":"Em entrevista para o portal \u201cAchando Hist\u00f3rias\u201d, Romulo diz que \u201cescrever \u00e9 um parto, uma responsabilidade tremenda. Prazer mesmo s\u00f3 quando finalizamos o livro, essa \u00e9 a verdade\u201d B\u00e1rbara Valdez (do \u201cAchando Hist\u00f3rias\u201d) \u201cVoc\u00ea \u00e9 farol ou tempestade na vida de algu\u00e9m?\u201d. Essa pergunta vem circulando pelas redes sociais entre os f\u00e3s de literatura h\u00e1&hellip;","amp_enabled":true,"_links":{"self":[{"href":"https:\/\/romulofelippe.com\/index.php?rest_route=\/wp\/v2\/posts\/524","targetHints":{"allow":["GET"]}}],"collection":[{"href":"https:\/\/romulofelippe.com\/index.php?rest_route=\/wp\/v2\/posts"}],"about":[{"href":"https:\/\/romulofelippe.com\/index.php?rest_route=\/wp\/v2\/types\/post"}],"author":[{"embeddable":true,"href":"https:\/\/romulofelippe.com\/index.php?rest_route=\/wp\/v2\/users\/1"}],"replies":[{"embeddable":true,"href":"https:\/\/romulofelippe.com\/index.php?rest_route=%2Fwp%2Fv2%2Fcomments&post=524"}],"version-history":[{"count":1,"href":"https:\/\/romulofelippe.com\/index.php?rest_route=\/wp\/v2\/posts\/524\/revisions"}],"predecessor-version":[{"id":526,"href":"https:\/\/romulofelippe.com\/index.php?rest_route=\/wp\/v2\/posts\/524\/revisions\/526"}],"wp:featuredmedia":[{"embeddable":true,"href":"https:\/\/romulofelippe.com\/index.php?rest_route=\/wp\/v2\/media\/525"}],"wp:attachment":[{"href":"https:\/\/romulofelippe.com\/index.php?rest_route=%2Fwp%2Fv2%2Fmedia&parent=524"}],"wp:term":[{"taxonomy":"category","embeddable":true,"href":"https:\/\/romulofelippe.com\/index.php?rest_route=%2Fwp%2Fv2%2Fcategories&post=524"},{"taxonomy":"post_tag","embeddable":true,"href":"https:\/\/romulofelippe.com\/index.php?rest_route=%2Fwp%2Fv2%2Ftags&post=524"}],"curies":[{"name":"wp","href":"https:\/\/api.w.org\/{rel}","templated":true}]}}