{"id":601,"date":"2019-07-12T08:35:45","date_gmt":"2019-07-12T11:35:45","guid":{"rendered":"https:\/\/romulofelippe.com\/portal\/?p=601"},"modified":"2019-07-12T14:10:30","modified_gmt":"2019-07-12T17:10:30","slug":"monge-guerreiro-e-destaque-em-reportagem-da-tv-educativa","status":"publish","type":"post","link":"https:\/\/romulofelippe.com\/?p=601","title":{"rendered":"&#8220;Monge Guerreiro&#8221; \u00e9 destaque em reportagem da TV Educativa"},"content":{"rendered":"<p>V\u00eddeo-reportagem mostra como foi a primeira edi\u00e7\u00e3o lan\u00e7ada do livro de Fantasia Medieval<\/p>\n<p>Autor capixaba fala sobre o processo de cria\u00e7\u00e3o da obra e o desafio de escrever um livro cujo roteiro transcorre no cora\u00e7\u00e3o da Idade M\u00e9dia. Rep\u00f3rter experimenta como \u00e9 vestir parte de uma armadura de Cavaleiro Templ\u00e1rio!!!<\/p>\n","protected":false},"excerpt":{"rendered":"<p>V\u00eddeo-reportagem mostra como foi a primeira edi\u00e7\u00e3o lan\u00e7ada do livro de Fantasia Medieval Autor capixaba fala sobre o processo de cria\u00e7\u00e3o da obra e o desafio de escrever um livro cujo roteiro transcorre no cora\u00e7\u00e3o da Idade M\u00e9dia. Rep\u00f3rter experimenta como \u00e9 vestir parte de uma armadura de Cavaleiro Templ\u00e1rio!!!<\/p>\n","protected":false},"author":1,"featured_media":603,"comment_status":"open","ping_status":"open","sticky":false,"template":"","format":"video","meta":{"_uag_custom_page_level_css":"","footnotes":""},"categories":[180],"tags":[],"class_list":["post-601","post","type-post","status-publish","format-video","has-post-thumbnail","hentry","category-videos","post_format-post-format-video"],"uagb_featured_image_src":{"full":["https:\/\/romulofelippe.com\/wp-content\/uploads\/2019\/07\/tv-educativa.jpg",1289,828,false],"thumbnail":["https:\/\/romulofelippe.com\/wp-content\/uploads\/2019\/07\/tv-educativa-150x150.jpg",150,150,true],"medium":["https:\/\/romulofelippe.com\/wp-content\/uploads\/2019\/07\/tv-educativa-300x193.jpg",300,193,true],"medium_large":["https:\/\/romulofelippe.com\/wp-content\/uploads\/2019\/07\/tv-educativa-768x493.jpg",740,475,true],"large":["https:\/\/romulofelippe.com\/wp-content\/uploads\/2019\/07\/tv-educativa-1024x658.jpg",740,476,true],"1536x1536":["https:\/\/romulofelippe.com\/wp-content\/uploads\/2019\/07\/tv-educativa.jpg",1289,828,false],"2048x2048":["https:\/\/romulofelippe.com\/wp-content\/uploads\/2019\/07\/tv-educativa.jpg",1289,828,false],"post-thumbnail":["https:\/\/romulofelippe.com\/wp-content\/uploads\/2019\/07\/tv-educativa-1000x600.jpg",1000,600,true],"mvp-post-thumb":["https:\/\/romulofelippe.com\/wp-content\/uploads\/2019\/07\/tv-educativa-1000x600.jpg",1000,600,true],"mvp-port-thumb":["https:\/\/romulofelippe.com\/wp-content\/uploads\/2019\/07\/tv-educativa-560x600.jpg",560,600,true],"mvp-large-thumb":["https:\/\/romulofelippe.com\/wp-content\/uploads\/2019\/07\/tv-educativa-590x354.jpg",590,354,true],"mvp-mid-thumb":["https:\/\/romulofelippe.com\/wp-content\/uploads\/2019\/07\/tv-educativa-400x240.jpg",400,240,true],"mvp-small-thumb":["https:\/\/romulofelippe.com\/wp-content\/uploads\/2019\/07\/tv-educativa-80x80.jpg",80,80,true],"mailpoet_newsletter_max":["https:\/\/romulofelippe.com\/wp-content\/uploads\/2019\/07\/tv-educativa.jpg",1289,828,false],"woocommerce_thumbnail":["https:\/\/romulofelippe.com\/wp-content\/uploads\/2019\/07\/tv-educativa-300x300.jpg",300,300,true],"woocommerce_single":["https:\/\/romulofelippe.com\/wp-content\/uploads\/2019\/07\/tv-educativa.jpg",600,385,false],"woocommerce_gallery_thumbnail":["https:\/\/romulofelippe.com\/wp-content\/uploads\/2019\/07\/tv-educativa-100x100.jpg",100,100,true]},"uagb_author_info":{"display_name":"Assessoria de Imprensa","author_link":"https:\/\/romulofelippe.com\/?author=1"},"uagb_comment_info":7,"uagb_excerpt":"V\u00eddeo-reportagem mostra como foi a primeira edi\u00e7\u00e3o lan\u00e7ada do livro de Fantasia Medieval Autor capixaba fala sobre o processo de cria\u00e7\u00e3o da obra e o desafio de escrever um livro cujo roteiro transcorre no cora\u00e7\u00e3o da Idade M\u00e9dia. Rep\u00f3rter experimenta como \u00e9 vestir parte de uma armadura de Cavaleiro Templ\u00e1rio!!!","amp_enabled":true,"_links":{"self":[{"href":"https:\/\/romulofelippe.com\/index.php?rest_route=\/wp\/v2\/posts\/601","targetHints":{"allow":["GET"]}}],"collection":[{"href":"https:\/\/romulofelippe.com\/index.php?rest_route=\/wp\/v2\/posts"}],"about":[{"href":"https:\/\/romulofelippe.com\/index.php?rest_route=\/wp\/v2\/types\/post"}],"author":[{"embeddable":true,"href":"https:\/\/romulofelippe.com\/index.php?rest_route=\/wp\/v2\/users\/1"}],"replies":[{"embeddable":true,"href":"https:\/\/romulofelippe.com\/index.php?rest_route=%2Fwp%2Fv2%2Fcomments&post=601"}],"version-history":[{"count":1,"href":"https:\/\/romulofelippe.com\/index.php?rest_route=\/wp\/v2\/posts\/601\/revisions"}],"predecessor-version":[{"id":602,"href":"https:\/\/romulofelippe.com\/index.php?rest_route=\/wp\/v2\/posts\/601\/revisions\/602"}],"wp:featuredmedia":[{"embeddable":true,"href":"https:\/\/romulofelippe.com\/index.php?rest_route=\/wp\/v2\/media\/603"}],"wp:attachment":[{"href":"https:\/\/romulofelippe.com\/index.php?rest_route=%2Fwp%2Fv2%2Fmedia&parent=601"}],"wp:term":[{"taxonomy":"category","embeddable":true,"href":"https:\/\/romulofelippe.com\/index.php?rest_route=%2Fwp%2Fv2%2Fcategories&post=601"},{"taxonomy":"post_tag","embeddable":true,"href":"https:\/\/romulofelippe.com\/index.php?rest_route=%2Fwp%2Fv2%2Ftags&post=601"}],"curies":[{"name":"wp","href":"https:\/\/api.w.org\/{rel}","templated":true}]}}